{"id":21100,"date":"2014-02-12T19:51:24","date_gmt":"2014-02-12T21:51:24","guid":{"rendered":"http:\/\/aconteceunovale.com.br\/portal\/?p=21100"},"modified":"2014-02-12T19:51:24","modified_gmt":"2014-02-12T21:51:24","slug":"menores-do-centro-de-internacao-de-acucena-ameacam-agentes","status":"publish","type":"post","link":"https:\/\/aconteceunovale.com.br\/portal\/?p=21100","title":{"rendered":"Menores do Centro de Interna\u00e7\u00e3o de A\u00e7ucena amea\u00e7am agentes"},"content":{"rendered":"<p>Uma nova amea\u00e7a foi feita aos agentes socieducativos do Centro de Interna\u00e7\u00e3o Provis\u00f3rio de A\u00e7ucena , no Leste de Minas Gerais. Nesta quarta-feira (12), dois adolescentes disseram que estariam ansiosos pela inaugura\u00e7\u00e3o do Centro de Interna\u00e7\u00e3o de Ipatinga para \u201cpegar\u201d os agentes durante a troca de plant\u00f5es.<\/p>\n<p>Somente no ano de 2013, a Pol\u00edcia Militar de A\u00e7ucena, registrou 16 boletins de ocorr\u00eancias refentes aos problemas no Centro de Interna\u00e7\u00e3o. Trata-se de drogas e bebidas alco\u00f3licas no local, amea\u00e7a e desacato aos agentes socieducativos, baderna, destrui\u00e7\u00e3o de cadeiras e demais m\u00f3veis e at\u00e9 tentativa de suic\u00eddio.<\/p>\n<p>Desde 19 de novembro de 2013, a unidade de A\u00e7ucena est\u00e1 em funcionamento com capacidade de 40 vagas para infratores do Vale do A\u00e7o. Segundo a  Secretaria de Estado de Defesa Social (Seds), a previs\u00e3o \u00e9 que a inaugura\u00e7\u00e3o do Centro de Interna\u00e7\u00e3o Provis\u00f3rio de Ipatinga aconte\u00e7a ainda no primeiro semestre deste ano. A unidade vai funcionar ao lado da Delegacia de Pol\u00edcia Civil.<\/p>\n<p><strong>Confus\u00e3o<\/strong><\/p>\n<p>Conforme o boletim de ocorr\u00eancias, os menores ainda prometeram incendiar os carros dos funcion\u00e1rios ap\u00f3s o remanejamento do Centro para a cidade.<\/p>\n<p>A intimida\u00e7\u00e3o foi feita no in\u00edcio da madrugada desta quarta-feira quando dois menores, um de 16 e outro de 15 anos tentaram provocar uma baderna dentro dos alojamentos. Os jovens ordenaram que todos chutassem portas do local.<\/p>\n<p>Agentes socioeducativos conseguiram controlar a situa\u00e7\u00e3o. Ap\u00f3s serem dominados, os menores ainda disseram que quando os agentes entrassem no alojamento seriam agredidos com objeto pontiagudo.<\/p>\n<p><em>(Imagem ilustrativa)<\/em><br \/>\n<img decoding=\"async\" src=\"http:\/\/aconteceunovale.com.br\/portal\/wp-content\/uploads\/2014\/01\/menores_presos.jpg\" alt=\"\" \/><\/p>\n<p><em>(Fonte: Inter TV dos Vales)<\/em><\/p>\n","protected":false},"excerpt":{"rendered":"<p>Uma nova amea\u00e7a foi feita aos agentes socieducativos do Centro de Interna\u00e7\u00e3o Provis\u00f3rio de A\u00e7ucena , no Leste de Minas Gerais. Nesta quarta-feira (12), dois adolescentes disseram que estariam ansiosos pela inaugura\u00e7\u00e3o do Centro de Interna\u00e7\u00e3o de Ipatinga para \u201cpegar\u201d os agentes durante a troca de plant\u00f5es. Somente no ano de 2013, a Pol\u00edcia Militar [&hellip;]<\/p>\n","protected":false},"author":1,"featured_media":19061,"comment_status":"open","ping_status":"closed","sticky":false,"template":"","format":"standard","meta":{"amp_status":"","footnotes":""},"categories":[121],"tags":[971,4205],"class_list":["post-21100","post","type-post","status-publish","format-standard","has-post-thumbnail","hentry","category-leste","tag-acucena","tag-menores-do-centro-de-internacao-de-acucena-ameacam-agentes"],"_links":{"self":[{"href":"https:\/\/aconteceunovale.com.br\/portal\/index.php?rest_route=\/wp\/v2\/posts\/21100","targetHints":{"allow":["GET"]}}],"collection":[{"href":"https:\/\/aconteceunovale.com.br\/portal\/index.php?rest_route=\/wp\/v2\/posts"}],"about":[{"href":"https:\/\/aconteceunovale.com.br\/portal\/index.php?rest_route=\/wp\/v2\/types\/post"}],"author":[{"embeddable":true,"href":"https:\/\/aconteceunovale.com.br\/portal\/index.php?rest_route=\/wp\/v2\/users\/1"}],"replies":[{"embeddable":true,"href":"https:\/\/aconteceunovale.com.br\/portal\/index.php?rest_route=%2Fwp%2Fv2%2Fcomments&post=21100"}],"version-history":[{"count":0,"href":"https:\/\/aconteceunovale.com.br\/portal\/index.php?rest_route=\/wp\/v2\/posts\/21100\/revisions"}],"wp:featuredmedia":[{"embeddable":true,"href":"https:\/\/aconteceunovale.com.br\/portal\/index.php?rest_route=\/wp\/v2\/media\/19061"}],"wp:attachment":[{"href":"https:\/\/aconteceunovale.com.br\/portal\/index.php?rest_route=%2Fwp%2Fv2%2Fmedia&parent=21100"}],"wp:term":[{"taxonomy":"category","embeddable":true,"href":"https:\/\/aconteceunovale.com.br\/portal\/index.php?rest_route=%2Fwp%2Fv2%2Fcategories&post=21100"},{"taxonomy":"post_tag","embeddable":true,"href":"https:\/\/aconteceunovale.com.br\/portal\/index.php?rest_route=%2Fwp%2Fv2%2Ftags&post=21100"}],"curies":[{"name":"wp","href":"https:\/\/api.w.org\/{rel}","templated":true}]}}