{"id":21095,"date":"2014-02-12T19:38:45","date_gmt":"2014-02-12T21:38:45","guid":{"rendered":"http:\/\/aconteceunovale.com.br\/portal\/?p=21095"},"modified":"2014-02-12T19:40:38","modified_gmt":"2014-02-12T21:40:38","slug":"prf-apreende-caminhoes-que-transportava-carvao-de-forma-ilegal-na-br-116","status":"publish","type":"post","link":"https:\/\/aconteceunovale.com.br\/portal\/?p=21095","title":{"rendered":"PRF apreende caminh\u00f5es que transportava carv\u00e3o de forma ilegal na BR-116"},"content":{"rendered":"<p>A Pol\u00edcia Rodovi\u00e1ria Federal (PRF) apreendeu ontem (11\/02) dois caminh\u00f5es por transporte ilegal de carv\u00e3o. Os ve\u00edculos foram abordados na BR \u2013 116, em Caratinga, durante fiscaliza\u00e7\u00e3o de rotina dos policiais rodovi\u00e1rios federais. Segundo a pol\u00edcia, os motoristas dos caminh\u00f5es n\u00e3o possu\u00edam exig\u00eancias como o curso de MOPP \u2013 Movimenta\u00e7\u00e3o e Opera\u00e7\u00e3o de Produtos Perigosos, r\u00f3tulo de risco no painel de seguran\u00e7a e o kit de emerg\u00eancia em casos de acidente, que \u00e9 composto por 10 cones, fitas para isolar a \u00e1rea e quatro placas de perigo afaste-se.<\/p>\n<p><img decoding=\"async\" src=\"http:\/\/aconteceunovale.com.br\/portal\/wp-content\/uploads\/2014\/02\/transporte_ilegal_116_12_02_2.jpg\" alt=\"\" \/><\/p>\n<p>\u201cAs pessoas fazendo o transporte do carv\u00e3o e n\u00e3o tendo esses itens, elas est\u00e3o cometendo um crime previsto na lei de crimes ambientais, que \u00e9 o caso de transportar produto sem obedecer \u00e0s normas legais. Ent\u00e3o, nesse caso, eles estavam com a nota fiscal em dia, com a guia ambiental em dia, mas o condutor e o ve\u00edculo n\u00e3o os documentos e as simbologias necess\u00e1rios\u201d, disse o policial rodovi\u00e1rio federal Luiz Tarc\u00edzio.<\/p>\n<p>O motorista do primeiro caminh\u00e3o apreendido havia sa\u00eddo de \u00c1guas Vermelhas, Minas Gerais, e seguia em dire\u00e7\u00e3o a Santa B\u00e1rbara Leste, cidade vizinha de Caratinga. J\u00e1 o condutor do segundo caminh\u00e3o vinha da cidade mineira de Nanuque com destino a Caraguatatuba, S\u00e3o Paulo. Conforme a pol\u00edcia, o crime de transporte ilegal de carv\u00e3o tem sido bastante frequente.<\/p>\n<p>\u201cE eles sempre tentam burlar a fiscaliza\u00e7\u00e3o transportando o carv\u00e3o em ba\u00fa, para a gente n\u00e3o ver. Nesse caso, os ve\u00edculos s\u00e3o de carroceria, ent\u00e3o, a carga estava vis\u00edvel e foi f\u00e1cil identificar. Os crimes que eles t\u00eam cometido aqui s\u00e3o: fazer transporte com nota falsa, com guia ambiental falsa e, frequentemente a gente tem flagrado esses tipos de crimes\u201d, disse o policial.<\/p>\n<p>No total, oito multas, que giram em torno de R$ 3 mil, foram aplicadas para cada ve\u00edculo que transportava carv\u00e3o ilegalmente. \u201cPorque vai multa para o embarcador do produto, quem emitiu a nota fiscal e para o propriet\u00e1rio do ve\u00edculo\u201d.<\/p>\n<p>Na ocasi\u00e3o, a pol\u00edcia falou sobre a import\u00e2ncia do curso de MOPP, uma exig\u00eancia do Contran, para os motoristas que transportam cargas perigosas.<\/p>\n<p><img decoding=\"async\" src=\"http:\/\/aconteceunovale.com.br\/portal\/wp-content\/uploads\/2014\/02\/transporte_ilegal_116_12_02_1.jpg\" alt=\"\" \/><\/p>\n<p><em>(Fotos e informa\u00e7\u00f5es da TV Super Canal)<\/em><\/p>\n","protected":false},"excerpt":{"rendered":"<p>A Pol\u00edcia Rodovi\u00e1ria Federal (PRF) apreendeu ontem (11\/02) dois caminh\u00f5es por transporte ilegal de carv\u00e3o. Os ve\u00edculos foram abordados na BR \u2013 116, em Caratinga, durante fiscaliza\u00e7\u00e3o de rotina dos policiais rodovi\u00e1rios federais. Segundo a pol\u00edcia, os motoristas dos caminh\u00f5es n\u00e3o possu\u00edam exig\u00eancias como o curso de MOPP \u2013 Movimenta\u00e7\u00e3o e Opera\u00e7\u00e3o de Produtos Perigosos, [&hellip;]<\/p>\n","protected":false},"author":1,"featured_media":21096,"comment_status":"open","ping_status":"closed","sticky":false,"template":"","format":"standard","meta":{"amp_status":"","footnotes":""},"categories":[121],"tags":[4202,237,252,4204,4203],"class_list":["post-21095","post","type-post","status-publish","format-standard","has-post-thumbnail","hentry","category-leste","tag-aguas-vermelhas","tag-caratinga","tag-nanuque","tag-prf-apreende-caminhoes-que-transportava-carvao-de-forma-ilegal-na-br-116","tag-santa-barbara-leste"],"_links":{"self":[{"href":"https:\/\/aconteceunovale.com.br\/portal\/index.php?rest_route=\/wp\/v2\/posts\/21095","targetHints":{"allow":["GET"]}}],"collection":[{"href":"https:\/\/aconteceunovale.com.br\/portal\/index.php?rest_route=\/wp\/v2\/posts"}],"about":[{"href":"https:\/\/aconteceunovale.com.br\/portal\/index.php?rest_route=\/wp\/v2\/types\/post"}],"author":[{"embeddable":true,"href":"https:\/\/aconteceunovale.com.br\/portal\/index.php?rest_route=\/wp\/v2\/users\/1"}],"replies":[{"embeddable":true,"href":"https:\/\/aconteceunovale.com.br\/portal\/index.php?rest_route=%2Fwp%2Fv2%2Fcomments&post=21095"}],"version-history":[{"count":0,"href":"https:\/\/aconteceunovale.com.br\/portal\/index.php?rest_route=\/wp\/v2\/posts\/21095\/revisions"}],"wp:featuredmedia":[{"embeddable":true,"href":"https:\/\/aconteceunovale.com.br\/portal\/index.php?rest_route=\/wp\/v2\/media\/21096"}],"wp:attachment":[{"href":"https:\/\/aconteceunovale.com.br\/portal\/index.php?rest_route=%2Fwp%2Fv2%2Fmedia&parent=21095"}],"wp:term":[{"taxonomy":"category","embeddable":true,"href":"https:\/\/aconteceunovale.com.br\/portal\/index.php?rest_route=%2Fwp%2Fv2%2Fcategories&post=21095"},{"taxonomy":"post_tag","embeddable":true,"href":"https:\/\/aconteceunovale.com.br\/portal\/index.php?rest_route=%2Fwp%2Fv2%2Ftags&post=21095"}],"curies":[{"name":"wp","href":"https:\/\/api.w.org\/{rel}","templated":true}]}}