{"id":21093,"date":"2014-02-12T16:13:05","date_gmt":"2014-02-12T18:13:05","guid":{"rendered":"http:\/\/aconteceunovale.com.br\/portal\/?p=21093"},"modified":"2014-02-12T16:13:05","modified_gmt":"2014-02-12T18:13:05","slug":"policia-civil-de-minas-gerais-abrira-concurso-para-mil-investigadores","status":"publish","type":"post","link":"https:\/\/aconteceunovale.com.br\/portal\/?p=21093","title":{"rendered":"Pol\u00edcia Civil de Minas Gerais abrir\u00e1 concurso para mil investigadores"},"content":{"rendered":"<p>A Pol\u00edcia Civil de Minas Gerais vai abrir concurso para preenchimento de mil vagas para o cargo de investigador. A autoriza\u00e7\u00e3o foi comunicada pelo governador Antonio Anastasia na tarde desta quarta-feira (12) ao chefe da Pol\u00edcia Civil de Minas Gerais, Cylton Brand\u00e3o.<\/p>\n<p><img decoding=\"async\" src=\"http:\/\/aconteceunovale.com.br\/portal\/wp-content\/uploads\/2014\/01\/policia_civil_cap.jpg\" alt=\"\" \/><\/p>\n<p>A corpora\u00e7\u00e3o dar\u00e1 in\u00edcio imediato aos procedimentos para a publica\u00e7\u00e3o do edital com as regras do certame. \u201cEsses novos policiais civis ser\u00e3o de fundamental import\u00e2ncia para refor\u00e7ar ainda mais o trabalho de investiga\u00e7\u00e3o de Pol\u00edcia Judici\u00e1ria, garantindo maior agilidade na elucida\u00e7\u00e3o de crimes, resultando na melhoria da seguran\u00e7a p\u00fablica de nosso Estado e no aumento da sensa\u00e7\u00e3o subjetiva de seguran\u00e7a dos mineiros\u201d, afirma o governador Antonio Anastasia.<\/p>\n<p>Segundo o governo de Minas, esse novo concurso p\u00fablico d\u00e1 sequ\u00eancia ao amplo processo de reestrutura\u00e7\u00e3o da Pol\u00edcia Civil, que envolve tamb\u00e9m a\u00e7\u00f5es de gest\u00e3o em favor da efici\u00eancia plena das atividades da corpora\u00e7\u00e3o.  \u201cEsse \u00e9 mais um dos resultados positivos da nossa nova Lei Org\u00e2nica, sancionada pelo governador Anastasia no fim do ano passado, que prev\u00ea amplia\u00e7\u00e3o de servidores em todas as carreiras policiais\u201d, afirma o chefe da Pol\u00edcia Civil, Cylton Brand\u00e3o. Ele ressaltou que, assim como no caso dos investigadores, futuros postos nas demais carreiras tamb\u00e9m dever\u00e3o ser preenchidos por meio de concursos p\u00fablicos.<\/p>\n<p>Em mar\u00e7o de 2013, a Pol\u00edcia Civil j\u00e1 havia dado posse \u00e0 maior turma de delegados da hist\u00f3ria da institui\u00e7\u00e3o. Com os 420 profissionais formados pela Acadepol, pela primeira vez na hist\u00f3ria de Minas, todas as comarcas passaram a contar com um delegado. Ainda em 2013, 125 novos escriv\u00e3es ingressaram na Pol\u00edcia Civil, tamb\u00e9m por meio de concurso p\u00fablico.<\/p>\n<p>A partir de abril deste ano, 121 m\u00e9dicos legistas e 95 peritos criminais tomar\u00e3o posse na institui\u00e7\u00e3o, que j\u00e1 admitiu, tamb\u00e9m, 1.281 servidores administrativos para refor\u00e7ar o trabalho nos \u00f3rg\u00e3os e demais unidades policiais, com benef\u00edcio direto ao processo de investiga\u00e7\u00e3o de Pol\u00edcia Judici\u00e1ria.<\/p>\n","protected":false},"excerpt":{"rendered":"<p>A Pol\u00edcia Civil de Minas Gerais vai abrir concurso para preenchimento de mil vagas para o cargo de investigador. A autoriza\u00e7\u00e3o foi comunicada pelo governador Antonio Anastasia na tarde desta quarta-feira (12) ao chefe da Pol\u00edcia Civil de Minas Gerais, Cylton Brand\u00e3o. A corpora\u00e7\u00e3o dar\u00e1 in\u00edcio imediato aos procedimentos para a publica\u00e7\u00e3o do edital com [&hellip;]<\/p>\n","protected":false},"author":1,"featured_media":0,"comment_status":"open","ping_status":"closed","sticky":false,"template":"","format":"standard","meta":{"amp_status":"","footnotes":""},"categories":[123],"tags":[4201,4200],"class_list":["post-21093","post","type-post","status-publish","format-standard","hentry","category-gerais","tag-concurso-da-policia-civil","tag-policia-civil-de-minas-gerais-abrira-concurso-para-mil-investigadores"],"_links":{"self":[{"href":"https:\/\/aconteceunovale.com.br\/portal\/index.php?rest_route=\/wp\/v2\/posts\/21093","targetHints":{"allow":["GET"]}}],"collection":[{"href":"https:\/\/aconteceunovale.com.br\/portal\/index.php?rest_route=\/wp\/v2\/posts"}],"about":[{"href":"https:\/\/aconteceunovale.com.br\/portal\/index.php?rest_route=\/wp\/v2\/types\/post"}],"author":[{"embeddable":true,"href":"https:\/\/aconteceunovale.com.br\/portal\/index.php?rest_route=\/wp\/v2\/users\/1"}],"replies":[{"embeddable":true,"href":"https:\/\/aconteceunovale.com.br\/portal\/index.php?rest_route=%2Fwp%2Fv2%2Fcomments&post=21093"}],"version-history":[{"count":0,"href":"https:\/\/aconteceunovale.com.br\/portal\/index.php?rest_route=\/wp\/v2\/posts\/21093\/revisions"}],"wp:attachment":[{"href":"https:\/\/aconteceunovale.com.br\/portal\/index.php?rest_route=%2Fwp%2Fv2%2Fmedia&parent=21093"}],"wp:term":[{"taxonomy":"category","embeddable":true,"href":"https:\/\/aconteceunovale.com.br\/portal\/index.php?rest_route=%2Fwp%2Fv2%2Fcategories&post=21093"},{"taxonomy":"post_tag","embeddable":true,"href":"https:\/\/aconteceunovale.com.br\/portal\/index.php?rest_route=%2Fwp%2Fv2%2Ftags&post=21093"}],"curies":[{"name":"wp","href":"https:\/\/api.w.org\/{rel}","templated":true}]}}