{"id":21090,"date":"2014-02-12T14:46:53","date_gmt":"2014-02-12T16:46:53","guid":{"rendered":"http:\/\/aconteceunovale.com.br\/portal\/?p=21090"},"modified":"2014-02-12T14:46:53","modified_gmt":"2014-02-12T16:46:53","slug":"escaladas-na-cachoeira-do-tabuleiro-em-conceicao-do-mato-dentro-passam-por-regularizacao","status":"publish","type":"post","link":"https:\/\/aconteceunovale.com.br\/portal\/?p=21090","title":{"rendered":"Escaladas na cachoeira do Tabuleiro em Concei\u00e7\u00e3o do Mato Dentro passam por regulariza\u00e7\u00e3o"},"content":{"rendered":"<p>A cachoeira do Tabuleiro, localizada em Concei\u00e7\u00e3o do Mato Dentro (MG), \u00e9 considerada a terceira maior do pa\u00eds. Mais do que contempla\u00e7\u00e3o de sua bela queda, a parede de quartzito em sua lateral contem diversas linhas de escalada com bel\u00edssimas vias. No passado a escalada por ali estava proibida, mas gra\u00e7as \u00e0s a\u00e7\u00f5es da FEMEMG, a escalada foi permitida e agora o parque passa por regulariza\u00e7\u00e3o.<\/p>\n<p><img decoding=\"async\" src=\"http:\/\/aconteceunovale.com.br\/portal\/wp-content\/uploads\/2014\/02\/cachoeira_tabuleiro_cmd_12_02.jpg\" alt=\"\" \/><br \/>\n<em>(Cachoeira do Tabuleiro, em Concei\u00e7\u00e3o do Mato Dentro)<\/em><\/p>\n<p>A Cachoeira do Tabuleiro \u00e9 uma enorme queda-d&#8217;\u00e1gua, situada na serra do Espinha\u00e7o, no munic\u00edpio de Concei\u00e7\u00e3o do Mato Dentro. \u00c9 mais alta de Minas Gerais e a terceira maior do Brasil. S\u00e3o 273 metros de queda livre formada a partir de um pared\u00e3o de beleza monumental. Na parte alta da cachoeira existem outras quedas e lagos e, na parte de baixo, existe um grande po\u00e7o ladeado por imensos blocos rochosos, com 18 metros de profundidade.<\/p>\n<p>A Cachoeira est\u00e1 situada no cora\u00e7\u00e3o do Parque Natural Estadual da Serra do Intendente, que passou por uma reformula\u00e7\u00e3o em 2013. A \u00e1rea \u00e9 formada por um mosaico de Unidades de Conserva\u00e7\u00e3o estadual e tamb\u00e9m municipal. A Cachoeira \u00e9 gerida pela Secretaria de Meio Ambiente municipal de Concei\u00e7\u00e3o de Mato Dentro atrav\u00e9s do antigo Parque Natural Municipal Ribeir\u00e3o do Campo que no ano passada mudou de nome para Parque Natural Municipal do Tabuleiro. At\u00e9 pouco tempo atr\u00e1s era um local proibido para a escalada, com inclusive um epis\u00f3dio pol\u00eamico em 2009, quando uma dupla de escaladores foi parar na delegacia ap\u00f3s fazerem a via Hidronotopo.<\/p>\n<p>Gra\u00e7as a a\u00e7\u00e3o volunt\u00e1ria da Federa\u00e7\u00e3o Mineira de escalada, que criou o projeto \u201cAcesso \u00e0s montanhas\u201d no estado, este panorama mudou e em 2013 foram realizadas 6 escaladas no pared\u00e3o da cachoeira que serviram como teste para mostrar que o impacto da escalada no meio ambiente \u00e9 pouco significativo.<\/p>\n<p>Reconhecendo o alto comprometimento exigido pelas escaladas no Tabuleiro e o risco de queda de rochas pr\u00f3ximas ao po\u00e7o durante a realiza\u00e7\u00e3o das mesmas, ficou acordado que a federa\u00e7\u00e3o ficaria respons\u00e1vel por fazer o primeiro atendimento aos escaladores interessados, realizando uma an\u00e1lise de sua experi\u00eancia pr\u00e9via e orientando os mesmos sobre a conduta esperada na \u00e1rea do Parque, dentre elas, evitarem atividades nos fins de semana e feriados, quando o uso do po\u00e7o por banhistas aumenta. Novas autoriza\u00e7\u00f5es para escaladas no pared\u00e3o da Cachoeira do Tabuleiro dever\u00e3o ser emitidas a partir de abril de 2014.<\/p>\n<p>A partir de fevereiro de 2014, no entanto, j\u00e1 ter\u00e1 in\u00edcio a temporada de trabalho, onde a FEMEMG executar\u00e1 a\u00e7\u00f5es em conjunto com o Parque como oficinas, semin\u00e1rios e atividades recreativas, envolvendo a comunidade local com o tema escalada, al\u00e9m da conclus\u00e3o dos termos do regulamento.<\/p>\n<p>Para conhecer o Programa Acesso Minas Gerais e acompanhar o progresso do trabalho no Tabuleiro, acesso a p\u00e1gina oficial do Programa: <a href=\"http:\/\/acessomg.blogspot.com.br\/p\/tabuleiro.html\" target=\"_blank\">http:\/\/acessomg.blogspot.com.br\/p\/tabuleiro.html<\/a><\/p>\n","protected":false},"excerpt":{"rendered":"<p>A cachoeira do Tabuleiro, localizada em Concei\u00e7\u00e3o do Mato Dentro (MG), \u00e9 considerada a terceira maior do pa\u00eds. Mais do que contempla\u00e7\u00e3o de sua bela queda, a parede de quartzito em sua lateral contem diversas linhas de escalada com bel\u00edssimas vias. No passado a escalada por ali estava proibida, mas gra\u00e7as \u00e0s a\u00e7\u00f5es da FEMEMG, [&hellip;]<\/p>\n","protected":false},"author":1,"featured_media":21091,"comment_status":"open","ping_status":"closed","sticky":false,"template":"","format":"standard","meta":{"amp_status":"","footnotes":""},"categories":[123],"tags":[2345,628,4198,4199],"class_list":["post-21090","post","type-post","status-publish","format-standard","has-post-thumbnail","hentry","category-gerais","tag-cachoeira-do-tabuleiro","tag-conceicao-do-mato-dentro","tag-escaladas-na-cachoeira-do-tabuleiro-em-conceicao-do-mato-dentro-passam-por-regularizacao","tag-regularizacao-de-escaladas-na-cachoeira-do-tabuleiro"],"_links":{"self":[{"href":"https:\/\/aconteceunovale.com.br\/portal\/index.php?rest_route=\/wp\/v2\/posts\/21090","targetHints":{"allow":["GET"]}}],"collection":[{"href":"https:\/\/aconteceunovale.com.br\/portal\/index.php?rest_route=\/wp\/v2\/posts"}],"about":[{"href":"https:\/\/aconteceunovale.com.br\/portal\/index.php?rest_route=\/wp\/v2\/types\/post"}],"author":[{"embeddable":true,"href":"https:\/\/aconteceunovale.com.br\/portal\/index.php?rest_route=\/wp\/v2\/users\/1"}],"replies":[{"embeddable":true,"href":"https:\/\/aconteceunovale.com.br\/portal\/index.php?rest_route=%2Fwp%2Fv2%2Fcomments&post=21090"}],"version-history":[{"count":0,"href":"https:\/\/aconteceunovale.com.br\/portal\/index.php?rest_route=\/wp\/v2\/posts\/21090\/revisions"}],"wp:featuredmedia":[{"embeddable":true,"href":"https:\/\/aconteceunovale.com.br\/portal\/index.php?rest_route=\/wp\/v2\/media\/21091"}],"wp:attachment":[{"href":"https:\/\/aconteceunovale.com.br\/portal\/index.php?rest_route=%2Fwp%2Fv2%2Fmedia&parent=21090"}],"wp:term":[{"taxonomy":"category","embeddable":true,"href":"https:\/\/aconteceunovale.com.br\/portal\/index.php?rest_route=%2Fwp%2Fv2%2Fcategories&post=21090"},{"taxonomy":"post_tag","embeddable":true,"href":"https:\/\/aconteceunovale.com.br\/portal\/index.php?rest_route=%2Fwp%2Fv2%2Ftags&post=21090"}],"curies":[{"name":"wp","href":"https:\/\/api.w.org\/{rel}","templated":true}]}}