{"id":21085,"date":"2014-02-12T14:30:41","date_gmt":"2014-02-12T16:30:41","guid":{"rendered":"http:\/\/aconteceunovale.com.br\/portal\/?p=21085"},"modified":"2014-02-13T09:49:46","modified_gmt":"2014-02-13T11:49:46","slug":"cidadaos-de-guanhaes-lotam-a-porta-da-prefeitura-a-espera-por-senhas-para-palestras-do-programa-minha-casa-minha-vida","status":"publish","type":"post","link":"https:\/\/aconteceunovale.com.br\/portal\/?p=21085","title":{"rendered":"Cidad\u00e3os de Guanh\u00e3es lotam a porta da Prefeitura a espera por senhas para palestras do Programa \u201cMinha Casa, Minha Vida\u201d"},"content":{"rendered":"<p>O sonho da casa pr\u00f3pria fez centenas de guanhanenses acordarem cedo, nesta quarta-feira (12). Desde as 8h da manh\u00e3, a Secretaria de Assist\u00eancia Social disponibiliza senhas para as palestras que v\u00e3o orientar a popula\u00e7\u00e3o sobre o programa do governo Federal: \u201cMinha Casa, Minha Vida\u201d. Os interessados t\u00eam at\u00e9 \u00e0s 18h para retirarem as senhas. <\/p>\n<p><img decoding=\"async\" src=\"http:\/\/aconteceunovale.com.br\/portal\/wp-content\/uploads\/2014\/02\/senha_minha_casa_minha_vida_guanhaes_1.jpg\" alt=\"\" \/><\/p>\n<p>\u00c9 apenas o primeiro passo, por\u00e9m, o morador do bairro Aod Pereira, Onofre Pimenta, de 48 anos, considera uma grande conquista para todos. \u201cVou conseguir, recebo o benef\u00edcio do bolsa fam\u00edlia e me enquadro em todas as exig\u00eancias. Cheguei cedo e pode demorar o tempo que for, n\u00e3o vou sair daqui sem a minha senha\u201d, contou Onofre.<\/p>\n<p>J\u00e1 Laudic\u00e9ia da Silva, de 26 anos, moradora do Pito, quer dar melhores condi\u00e7\u00f5es de vida para a filha. \u201cEu sonho com a casa pr\u00f3pria para mim e minha filha, n\u00f3s necessitamos muito desta ajuda. Sou a \u00faltima da fila, mas os \u00faltimos ser\u00e3o os primeiros e n\u00e3o vou desistir\u201d, afirmou a moradora do Pito. <\/p>\n<p><img decoding=\"async\" src=\"http:\/\/aconteceunovale.com.br\/portal\/wp-content\/uploads\/2014\/02\/senha_minha_casa_minha_vida_guanhaes_2.jpg\" alt=\"\" \/><\/p>\n<p>Prestes a pegar sua senha e com um sorriso estampado no rosto, Eliane de Lima, de 40 anos, residente no bairro Alvorada, comentou ter chegado \u00e0s 6h45. \u201cAs expectativas de sair do aluguel s\u00e3o grandes. Se Deus quiser vou ter minha casinha. Enfrento a fila que for, isso n\u00e3o \u00e9 empecilho algum\u201d, disse Eliane esperan\u00e7osa. <\/p>\n<p>A prefeitura informa, que as palestras v\u00e3o acontecer a partir da pr\u00f3xima ter\u00e7a-feira (18) e seguem at\u00e9 o dia 21 de fevereiro, na sala 1 do Cras. Est\u00e3o sendo distribu\u00eddas 40 senhas por palestra, para os seguintes hor\u00e1rios: 8h \u00e0s 10h; 10h \u00e0s 12h; 14h \u00e0s 16h; 16h \u00e1s 18h e 18h \u00e0s 20h. <\/p>\n<p>Os participantes v\u00e3o ser informados sobre detalhes do programa, como documenta\u00e7\u00e3o exigida pela Caixa Econ\u00f4mica Federal, parcelas, valores, entre outros.<\/p>\n<p><strong><em>(Informa\u00e7\u00f5es e fotos da Folha de Guanh\u00e3es)<\/em><\/strong><\/p>\n","protected":false},"excerpt":{"rendered":"<p>O sonho da casa pr\u00f3pria fez centenas de guanhanenses acordarem cedo, nesta quarta-feira (12). Desde as 8h da manh\u00e3, a Secretaria de Assist\u00eancia Social disponibiliza senhas para as palestras que v\u00e3o orientar a popula\u00e7\u00e3o sobre o programa do governo Federal: \u201cMinha Casa, Minha Vida\u201d. Os interessados t\u00eam at\u00e9 \u00e0s 18h para retirarem as senhas. \u00c9 [&hellip;]<\/p>\n","protected":false},"author":1,"featured_media":21088,"comment_status":"open","ping_status":"closed","sticky":false,"template":"","format":"standard","meta":{"amp_status":"","footnotes":""},"categories":[121],"tags":[4196,155,4197],"class_list":["post-21085","post","type-post","status-publish","format-standard","has-post-thumbnail","hentry","category-leste","tag-cidadaos-de-guanhaes-lotam-a-porta-da-prefeitura-a-espera-por-senhas-para-palestras-do-programa-minha-casa-minha-vida","tag-guanhaes","tag-programa-minha-casa-minha-vida-em-guanhaes"],"_links":{"self":[{"href":"https:\/\/aconteceunovale.com.br\/portal\/index.php?rest_route=\/wp\/v2\/posts\/21085","targetHints":{"allow":["GET"]}}],"collection":[{"href":"https:\/\/aconteceunovale.com.br\/portal\/index.php?rest_route=\/wp\/v2\/posts"}],"about":[{"href":"https:\/\/aconteceunovale.com.br\/portal\/index.php?rest_route=\/wp\/v2\/types\/post"}],"author":[{"embeddable":true,"href":"https:\/\/aconteceunovale.com.br\/portal\/index.php?rest_route=\/wp\/v2\/users\/1"}],"replies":[{"embeddable":true,"href":"https:\/\/aconteceunovale.com.br\/portal\/index.php?rest_route=%2Fwp%2Fv2%2Fcomments&post=21085"}],"version-history":[{"count":0,"href":"https:\/\/aconteceunovale.com.br\/portal\/index.php?rest_route=\/wp\/v2\/posts\/21085\/revisions"}],"wp:featuredmedia":[{"embeddable":true,"href":"https:\/\/aconteceunovale.com.br\/portal\/index.php?rest_route=\/wp\/v2\/media\/21088"}],"wp:attachment":[{"href":"https:\/\/aconteceunovale.com.br\/portal\/index.php?rest_route=%2Fwp%2Fv2%2Fmedia&parent=21085"}],"wp:term":[{"taxonomy":"category","embeddable":true,"href":"https:\/\/aconteceunovale.com.br\/portal\/index.php?rest_route=%2Fwp%2Fv2%2Fcategories&post=21085"},{"taxonomy":"post_tag","embeddable":true,"href":"https:\/\/aconteceunovale.com.br\/portal\/index.php?rest_route=%2Fwp%2Fv2%2Ftags&post=21085"}],"curies":[{"name":"wp","href":"https:\/\/api.w.org\/{rel}","templated":true}]}}