{"id":21064,"date":"2014-02-12T11:07:57","date_gmt":"2014-02-12T13:07:57","guid":{"rendered":"http:\/\/aconteceunovale.com.br\/portal\/?p=21064"},"modified":"2014-02-12T11:07:57","modified_gmt":"2014-02-12T13:07:57","slug":"valadares-recebera-quase-5-milhoes-da-defesa-civil","status":"publish","type":"post","link":"https:\/\/aconteceunovale.com.br\/portal\/?p=21064","title":{"rendered":"Valadares receber\u00e1 quase 5 milh\u00f5es da Defesa Civil"},"content":{"rendered":"<p>A Secretaria Nacional de Defesa Civil, do Minist\u00e9rio da Integra\u00e7\u00e3o Nacional, autorizou a libera\u00e7\u00e3o de mais recursos para cidades mineiras atingidas pela chuva no fim do ano passado. Governador Valadares, no Vale do Rio Doce, vai receber R$ 4.707.280,80 e Ipaba, na mesma regi\u00e3o, ter\u00e1 um repasse de R$ 18.600.<\/p>\n<p><img decoding=\"async\" src=\"http:\/\/aconteceunovale.com.br\/portal\/wp-content\/uploads\/2013\/12\/valadares_emergencia_2.jpg\" alt=\"\" \/><br \/>\n<em><strong>A verba \u00e9 para a\u00e7\u00f5es de socorro, assist\u00eancia \u00e0s v\u00edtimas e restabelecimento de servi\u00e7os essenciais em locais atingidos por temporais<\/strong><\/em><\/p>\n<p>Ontem j\u00e1 haviam sido autorizadas verbas para Central de Minas, Tim\u00f3teo, Padre Para\u00edso e Mantena, para a\u00e7\u00f5es de socorro, assist\u00eancia \u00e0s v\u00edtimas e restabelecimento de servi\u00e7os essenciais. Os munic\u00edpios que receberam ajuda decretaram situa\u00e7\u00e3o de emerg\u00eancia. Os temporais em Minas deixaram 22 mortos, mais de 33 mil pessoas desalojadas e 17 mil desabrigados.<\/p>\n","protected":false},"excerpt":{"rendered":"<p>A Secretaria Nacional de Defesa Civil, do Minist\u00e9rio da Integra\u00e7\u00e3o Nacional, autorizou a libera\u00e7\u00e3o de mais recursos para cidades mineiras atingidas pela chuva no fim do ano passado. Governador Valadares, no Vale do Rio Doce, vai receber R$ 4.707.280,80 e Ipaba, na mesma regi\u00e3o, ter\u00e1 um repasse de R$ 18.600. A verba \u00e9 para a\u00e7\u00f5es [&hellip;]<\/p>\n","protected":false},"author":1,"featured_media":16047,"comment_status":"open","ping_status":"closed","sticky":false,"template":"","format":"standard","meta":{"amp_status":"","footnotes":""},"categories":[121],"tags":[247,2234,4180,4181,4179],"class_list":["post-21064","post","type-post","status-publish","format-standard","has-post-thumbnail","hentry","category-leste","tag-governador-valadares","tag-ipaba","tag-mais-duas-cidades-mineiras-vao-receber-recursos-federais-para-defesa-civil","tag-valadares-recebera-quase-5-milhoes-da-defesa-civil","tag-valadares-recebera-quase-5-milhoes-para-reconstrucao-de-locais-atingidos-pela-chuva"],"_links":{"self":[{"href":"https:\/\/aconteceunovale.com.br\/portal\/index.php?rest_route=\/wp\/v2\/posts\/21064","targetHints":{"allow":["GET"]}}],"collection":[{"href":"https:\/\/aconteceunovale.com.br\/portal\/index.php?rest_route=\/wp\/v2\/posts"}],"about":[{"href":"https:\/\/aconteceunovale.com.br\/portal\/index.php?rest_route=\/wp\/v2\/types\/post"}],"author":[{"embeddable":true,"href":"https:\/\/aconteceunovale.com.br\/portal\/index.php?rest_route=\/wp\/v2\/users\/1"}],"replies":[{"embeddable":true,"href":"https:\/\/aconteceunovale.com.br\/portal\/index.php?rest_route=%2Fwp%2Fv2%2Fcomments&post=21064"}],"version-history":[{"count":0,"href":"https:\/\/aconteceunovale.com.br\/portal\/index.php?rest_route=\/wp\/v2\/posts\/21064\/revisions"}],"wp:featuredmedia":[{"embeddable":true,"href":"https:\/\/aconteceunovale.com.br\/portal\/index.php?rest_route=\/wp\/v2\/media\/16047"}],"wp:attachment":[{"href":"https:\/\/aconteceunovale.com.br\/portal\/index.php?rest_route=%2Fwp%2Fv2%2Fmedia&parent=21064"}],"wp:term":[{"taxonomy":"category","embeddable":true,"href":"https:\/\/aconteceunovale.com.br\/portal\/index.php?rest_route=%2Fwp%2Fv2%2Fcategories&post=21064"},{"taxonomy":"post_tag","embeddable":true,"href":"https:\/\/aconteceunovale.com.br\/portal\/index.php?rest_route=%2Fwp%2Fv2%2Ftags&post=21064"}],"curies":[{"name":"wp","href":"https:\/\/api.w.org\/{rel}","templated":true}]}}