{"id":21061,"date":"2014-02-12T10:58:58","date_gmt":"2014-02-12T12:58:58","guid":{"rendered":"http:\/\/aconteceunovale.com.br\/portal\/?p=21061"},"modified":"2014-02-12T10:58:58","modified_gmt":"2014-02-12T12:58:58","slug":"obrigatoriedade-do-simulador-e-adiada-por-mais-seis-meses","status":"publish","type":"post","link":"https:\/\/aconteceunovale.com.br\/portal\/?p=21061","title":{"rendered":"Obrigatoriedade do simulador \u00e9 adiada por mais seis meses"},"content":{"rendered":"<p>A obrigatoriedade do uso de simuladores de dire\u00e7\u00e3o em autoescolas foi adiada nessa ter\u00e7a pela segunda vez. O novo prazo do Conselho Nacional de Tr\u00e2nsito (Contran) \u00e9 30 de junho. A decis\u00e3o ser\u00e1 publicada na edi\u00e7\u00e3o de hoje do \u201cDi\u00e1rio Oficial da Uni\u00e3o\u201d (DOU). As aulas em simuladores estavam em vigor desde janeiro, mas os Centros de Forma\u00e7\u00e3o de Condutores (CFCs) n\u00e3o estavam cumprindo a exig\u00eancia e alegavam, principalmente, dificuldades na compra do equipamento.<\/p>\n<p><img decoding=\"async\" src=\"http:\/\/aconteceunovale.com.br\/portal\/wp-content\/uploads\/2014\/02\/simulador_adiado_transito.jpg\" alt=\"\" \/><\/p>\n<p>A resolu\u00e7\u00e3o determinava que os candidatos em processo de habilita\u00e7\u00e3o na categoria B fa\u00e7am cinco aulas de meia hora no simulador antes da pr\u00e1tica nas ruas. \u201cOs conselheiros avaliaram a necessidade de dar um novo prazo depois de apreciar o relat\u00f3rio das visitas realizadas pelo Denatran (Departamento Nacional de Tr\u00e2nsito)\u201d, informou a assessoria do departamento. A decis\u00e3o foi tomada em reuni\u00e3o mensal do Contran.<\/p>\n<p>Os t\u00e9cnicos do Denatran visitaram v\u00e1rias cidades para avaliar a implanta\u00e7\u00e3o do sistema. Para eles, ainda \u00e9 preciso adequa\u00e7\u00f5es t\u00e9cnicas para atender demandas regionais, como disponibilidade de internet, cria\u00e7\u00e3o de unidades itinerantes e centros de simuladores compartilhados pelas autoescolas. As visitas ser\u00e3o mantidas nos pr\u00f3ximos meses para uma reavalia\u00e7\u00e3o.<\/p>\n<p><strong>Despreparo<\/strong><\/p>\n<p>O primeiro prazo para o uso dos simuladores antes das aulas de dire\u00e7\u00e3o era junho de 2013. Ele j\u00e1 havia sido prorrogado para janeiro \u00faltimo. Entre as 1.800 autoescolas de Minas, apenas 16 adquiriram o equipamento \u2013 quatro delas na capital \u2013 representando 1% do total.<\/p>\n<p>\u201cA prorroga\u00e7\u00e3o foi um al\u00edvio para n\u00f3s, diretores de autoescolas, mas ainda insistimos no prazo at\u00e9 o fim do ano ou a suspens\u00e3o da resolu\u00e7\u00e3o. \u00c9 um equipamento muito caro, que n\u00e3o tem car\u00e1ter eliminat\u00f3rio para o candidato\u201d, disse o coordenador do Movimento de Reformula\u00e7\u00e3o na Educa\u00e7\u00e3o de Tr\u00e2nsito em Minas, Ricardo Batista.<\/p>\n<p>Outra quest\u00e3o levantada pelos CFCs diz respeito \u00e0s imagens obtidas com o simulador \u2013 elas devem ser repassadas ao Departamento de Tr\u00e2nsito de Minas (Detran-MG) de forma online. Mas, segundo o presidente do Sindicato dos Propriet\u00e1rios de Centro de Forma\u00e7\u00e3o de Condutores do Estado de Minas (SIPROCFC-MG), Rodrigo Silva, \u201cainda n\u00e3o h\u00e1 uma forma estabelecida para transfer\u00eancia dos dados\u201d. O chefe da Divis\u00e3o de Habilita\u00e7\u00e3o do Detran-MG, Anderson Fran\u00e7a, s\u00f3 ir\u00e1 comentar o assunto ap\u00f3s a publica\u00e7\u00e3o no DOU.<\/p>\n<p><strong>Saiba mais<\/strong><\/p>\n<p><strong>Resolu\u00e7\u00e3o 421\/2012<\/strong><\/p>\n<p>Em 2012, o Contran determinou o uso do simulador e estipulou o prazo para adapta\u00e7\u00e3o das autoescolas at\u00e9 30 de junho de 2013.<\/p>\n<p><strong>Problema<\/strong><\/p>\n<p>At\u00e9 junho do ano passado, apenas uma empresa fornecedora estava homologada pelo Denatran. Por falta de equipamentos, a resolu\u00e7\u00e3o 444\/2013 prorrogou o prazo para 31 de dezembro de 2013. Nessa ter\u00e7a, o Contran fixou um novo limite, 30 de junho.<\/p>\n<p><strong>Rapidez<\/strong><\/p>\n<p>Enquanto a resolu\u00e7\u00e3o dos simuladores foi aprovada com rapidez pelo \u00f3rg\u00e3o federal, as altera\u00e7\u00f5es da resolu\u00e7\u00e3o 358, que prev\u00ea, entre outras coisas, aumento da carga hor\u00e1ria de dire\u00e7\u00e3o de 20 para 40 horas, est\u00e1 na gaveta h\u00e1 cerca de tr\u00eas anos.<\/p>\n<p><strong>Interesse<\/strong><\/p>\n<p>Reportagem do jornal \u201cFolha de S. Paulo\u201d no s\u00e1bado mostrou que uma das quatro empresas fabricantes dos simuladores tem como s\u00f3cio um ex-assessor do Denatran, que trabalhou no \u00f3rg\u00e3o quando a exig\u00eancia era discutida. O Denatran n\u00e3o se posicionou.<\/p>\n<p><strong>Deputados querem pesquisa local sobre aparelho<\/strong><\/p>\n<p>A Comiss\u00e3o de Fiscaliza\u00e7\u00e3o Financeira e Or\u00e7ament\u00e1ria da Assembleia Legislativa de Minas (ALMG) vai propor hoje, durante audi\u00eancia p\u00fablica, que a Universidade Federal de Minas Gerais (UFMG) fa\u00e7a um estudo sobre os aparelhos simuladores. A informa\u00e7\u00e3o \u00e9 do deputado estadual Z\u00e9 Maia (PSDB), presidente da comiss\u00e3o.<\/p>\n<p>Segundo o pol\u00edtico, o debate vai levantar quest\u00f5es sobre as pesquisas realizadas antes da obrigatoriedade da implanta\u00e7\u00e3o. \u201cUma universidade de Santa Catarina se manifestou sobre a efic\u00e1cia dos simuladores, mas n\u00f3s gostar\u00edamos de um posicionamento local sobre a efic\u00e1cia e funcionamento deles\u201d, argumentou.<\/p>\n<p>A implementa\u00e7\u00e3o da resolu\u00e7\u00e3o por parte dos Centros de Forma\u00e7\u00e3o de Condutores (CFCs) tamb\u00e9m deve ser debatida. \u201cSabemos que as empresas n\u00e3o est\u00e3o capitalizadas para implantar a medida imediatamente. Vamos pensar em condi\u00e7\u00f5es para ajud\u00e1-las, como financiamentos\u201d.<\/p>\n<p><em><strong>(Fonte: O Tempo)<\/strong><\/em><\/p>\n","protected":false},"excerpt":{"rendered":"<p>A obrigatoriedade do uso de simuladores de dire\u00e7\u00e3o em autoescolas foi adiada nessa ter\u00e7a pela segunda vez. O novo prazo do Conselho Nacional de Tr\u00e2nsito (Contran) \u00e9 30 de junho. A decis\u00e3o ser\u00e1 publicada na edi\u00e7\u00e3o de hoje do \u201cDi\u00e1rio Oficial da Uni\u00e3o\u201d (DOU). As aulas em simuladores estavam em vigor desde janeiro, mas os [&hellip;]<\/p>\n","protected":false},"author":1,"featured_media":21062,"comment_status":"open","ping_status":"closed","sticky":false,"template":"","format":"standard","meta":{"amp_status":"","footnotes":""},"categories":[6],"tags":[4178],"class_list":["post-21061","post","type-post","status-publish","format-standard","has-post-thumbnail","hentry","category-br","tag-obrigatoriedade-do-simulador-e-adiada-por-mais-seis-meses"],"_links":{"self":[{"href":"https:\/\/aconteceunovale.com.br\/portal\/index.php?rest_route=\/wp\/v2\/posts\/21061","targetHints":{"allow":["GET"]}}],"collection":[{"href":"https:\/\/aconteceunovale.com.br\/portal\/index.php?rest_route=\/wp\/v2\/posts"}],"about":[{"href":"https:\/\/aconteceunovale.com.br\/portal\/index.php?rest_route=\/wp\/v2\/types\/post"}],"author":[{"embeddable":true,"href":"https:\/\/aconteceunovale.com.br\/portal\/index.php?rest_route=\/wp\/v2\/users\/1"}],"replies":[{"embeddable":true,"href":"https:\/\/aconteceunovale.com.br\/portal\/index.php?rest_route=%2Fwp%2Fv2%2Fcomments&post=21061"}],"version-history":[{"count":0,"href":"https:\/\/aconteceunovale.com.br\/portal\/index.php?rest_route=\/wp\/v2\/posts\/21061\/revisions"}],"wp:featuredmedia":[{"embeddable":true,"href":"https:\/\/aconteceunovale.com.br\/portal\/index.php?rest_route=\/wp\/v2\/media\/21062"}],"wp:attachment":[{"href":"https:\/\/aconteceunovale.com.br\/portal\/index.php?rest_route=%2Fwp%2Fv2%2Fmedia&parent=21061"}],"wp:term":[{"taxonomy":"category","embeddable":true,"href":"https:\/\/aconteceunovale.com.br\/portal\/index.php?rest_route=%2Fwp%2Fv2%2Fcategories&post=21061"},{"taxonomy":"post_tag","embeddable":true,"href":"https:\/\/aconteceunovale.com.br\/portal\/index.php?rest_route=%2Fwp%2Fv2%2Ftags&post=21061"}],"curies":[{"name":"wp","href":"https:\/\/api.w.org\/{rel}","templated":true}]}}