{"id":21059,"date":"2014-02-12T10:43:30","date_gmt":"2014-02-12T12:43:30","guid":{"rendered":"http:\/\/aconteceunovale.com.br\/portal\/?p=21059"},"modified":"2014-02-12T10:43:30","modified_gmt":"2014-02-12T12:43:30","slug":"menor-e-morto-a-tiros-e-outro-fica-ferido-em-montes-claros","status":"publish","type":"post","link":"https:\/\/aconteceunovale.com.br\/portal\/?p=21059","title":{"rendered":"Menor \u00e9 morto a tiros e outro fica ferido em Montes Claros"},"content":{"rendered":"<p>Um adolescente de 14 anos foi morto a tiros na noite desta ter\u00e7a-feira (11), em Montes Claros, no Norte de Minas Gerais. Outro menor, de 15 anos, tamb\u00e9m ficou ferido.<\/p>\n<p>Segundo a Pol\u00edcia Militar, os dois adolescentes estavam conversando, no Bairro recanto das \u00c1gua, quando foram surpreendidos pelos disparos. O menor de 15 anos foi socorrido pelo Samu e levado para um hospital. A PM afirma que os tiros foram feitos com uso de uma espingarda.<\/p>\n<p>A motiva\u00e7\u00e3o do crime \u00e9 desconhecida e nenhum suspeito foi preso.<\/p>\n<p><img decoding=\"async\" src=\"http:\/\/aconteceunovale.com.br\/portal\/wp-content\/uploads\/2014\/01\/tiro_no_peito.jpg\" alt=\"\" \/><\/p>\n","protected":false},"excerpt":{"rendered":"<p>Um adolescente de 14 anos foi morto a tiros na noite desta ter\u00e7a-feira (11), em Montes Claros, no Norte de Minas Gerais. Outro menor, de 15 anos, tamb\u00e9m ficou ferido. Segundo a Pol\u00edcia Militar, os dois adolescentes estavam conversando, no Bairro recanto das \u00c1gua, quando foram surpreendidos pelos disparos. O menor de 15 anos foi [&hellip;]<\/p>\n","protected":false},"author":1,"featured_media":0,"comment_status":"open","ping_status":"closed","sticky":false,"template":"","format":"standard","meta":{"amp_status":"","footnotes":""},"categories":[1236],"tags":[4177,210],"class_list":["post-21059","post","type-post","status-publish","format-standard","hentry","category-norte_de_minas","tag-menor-e-morto-a-tiros-e-outro-fica-ferido-em-montes-claros","tag-montes-claros"],"_links":{"self":[{"href":"https:\/\/aconteceunovale.com.br\/portal\/index.php?rest_route=\/wp\/v2\/posts\/21059","targetHints":{"allow":["GET"]}}],"collection":[{"href":"https:\/\/aconteceunovale.com.br\/portal\/index.php?rest_route=\/wp\/v2\/posts"}],"about":[{"href":"https:\/\/aconteceunovale.com.br\/portal\/index.php?rest_route=\/wp\/v2\/types\/post"}],"author":[{"embeddable":true,"href":"https:\/\/aconteceunovale.com.br\/portal\/index.php?rest_route=\/wp\/v2\/users\/1"}],"replies":[{"embeddable":true,"href":"https:\/\/aconteceunovale.com.br\/portal\/index.php?rest_route=%2Fwp%2Fv2%2Fcomments&post=21059"}],"version-history":[{"count":0,"href":"https:\/\/aconteceunovale.com.br\/portal\/index.php?rest_route=\/wp\/v2\/posts\/21059\/revisions"}],"wp:attachment":[{"href":"https:\/\/aconteceunovale.com.br\/portal\/index.php?rest_route=%2Fwp%2Fv2%2Fmedia&parent=21059"}],"wp:term":[{"taxonomy":"category","embeddable":true,"href":"https:\/\/aconteceunovale.com.br\/portal\/index.php?rest_route=%2Fwp%2Fv2%2Fcategories&post=21059"},{"taxonomy":"post_tag","embeddable":true,"href":"https:\/\/aconteceunovale.com.br\/portal\/index.php?rest_route=%2Fwp%2Fv2%2Ftags&post=21059"}],"curies":[{"name":"wp","href":"https:\/\/api.w.org\/{rel}","templated":true}]}}