{"id":21044,"date":"2014-02-12T00:14:56","date_gmt":"2014-02-12T02:14:56","guid":{"rendered":"http:\/\/aconteceunovale.com.br\/portal\/?p=21044"},"modified":"2014-02-12T00:14:56","modified_gmt":"2014-02-12T02:14:56","slug":"montes-claros-moradores-da-zona-rural-recebem-kits-de-apicultura","status":"publish","type":"post","link":"https:\/\/aconteceunovale.com.br\/portal\/?p=21044","title":{"rendered":"MONTES CLAROS: Moradores da zona rural recebem kits de apicultura"},"content":{"rendered":"<p>Foi realizada, na manh\u00e3 desta ter\u00e7a-feira, 11, na comunidade de Lagoa do Barro, zona rural de Montes Claros, a entrega de kits de apicultura para produtores da agricultura familiar.<\/p>\n<p><img decoding=\"async\" src=\"http:\/\/aconteceunovale.com.br\/portal\/wp-content\/uploads\/2014\/02\/apicultura_moc_1.jpg\" alt=\"\" \/><\/p>\n<p>Ao todo, 17 fam\u00edlias ser\u00e3o beneficiadas com os kits, cada um deles sendo composto por vinte colmeias completas, dois macac\u00f5es de prote\u00e7\u00e3o (incluindo luvas e botas), dez quilos de cera alveolada e um fumigador.<\/p>\n<p>Cada uma das colmeias pode produzir de 30 a 60 quilos de mel por ano, dependendo do tipo de manejo. A venda deste mel ir\u00e1 significar um importante acr\u00e9scimo para a renda das fam\u00edlias beneficiadas, segundo informou Arquimedes Batista, secret\u00e1rio municipal de Agricultura Familiar. Ele explicou que a entrega dos kits est\u00e1 sendo feita atrav\u00e9s de uma parceria entre a Prefeitura de Montes Claros, a Codevasf e a Emater, e todas as fam\u00edlias contempladas possuem renda per capita de at\u00e9 R$ 70 mensais, situa\u00e7\u00e3o validada pelo Conselho Municipal de Desenvolvimento Rural Sustent\u00e1vel (CMDRS), que \u00e9 o gestor do programa em Montes Claros. \u201cO munic\u00edpio, al\u00e9m do apoio, ir\u00e1 ajudar na organiza\u00e7\u00e3o dos produtores rurais para que eles possam fornecer para a merenda escolar e participar do PAA (Programa de Aquisi\u00e7\u00e3o de Alimentos)\u201d, destacou.<\/p>\n<p><img decoding=\"async\" src=\"http:\/\/aconteceunovale.com.br\/portal\/wp-content\/uploads\/2014\/02\/apicultura_moc_2.jpg\" alt=\"\" \/><\/p>\n<p>Charles Xavier Gon\u00e7alves, presidente da APINORTE (Associa\u00e7\u00e3o dos Apicultores do Norte de Minas), louvou a iniciativa, que faz parte do programa federal Brasil Sem Mis\u00e9ria. \u201c\u00c9 de suma import\u00e2ncia, um incentivo maior para que outras fam\u00edlias passem a praticar a apicultura\u201d, disse.<\/p>\n<p>O vice-prefeito de Montes Claros, Jos\u00e9 Vicente Medeiros, participou da entrega dos kits. Ele destacou a participa\u00e7\u00e3o da Secretaria Municipal de Agricultura Familiar para que este benef\u00edcio pudesse efetivamente alcan\u00e7ar os produtores familiares. \u201cEsta \u00e9 a import\u00e2ncia de existir uma secretaria espec\u00edfica para cuidar da agricultura familiar\u201d, declarou.<\/p>\n","protected":false},"excerpt":{"rendered":"<p>Foi realizada, na manh\u00e3 desta ter\u00e7a-feira, 11, na comunidade de Lagoa do Barro, zona rural de Montes Claros, a entrega de kits de apicultura para produtores da agricultura familiar. Ao todo, 17 fam\u00edlias ser\u00e3o beneficiadas com os kits, cada um deles sendo composto por vinte colmeias completas, dois macac\u00f5es de prote\u00e7\u00e3o (incluindo luvas e botas), [&hellip;]<\/p>\n","protected":false},"author":1,"featured_media":21046,"comment_status":"open","ping_status":"closed","sticky":false,"template":"","format":"standard","meta":{"amp_status":"","footnotes":""},"categories":[1236],"tags":[210,4170],"class_list":["post-21044","post","type-post","status-publish","format-standard","has-post-thumbnail","hentry","category-norte_de_minas","tag-montes-claros","tag-moradores-da-zona-rural-de-montes-claros-recebem-kits-de-apicultura"],"_links":{"self":[{"href":"https:\/\/aconteceunovale.com.br\/portal\/index.php?rest_route=\/wp\/v2\/posts\/21044","targetHints":{"allow":["GET"]}}],"collection":[{"href":"https:\/\/aconteceunovale.com.br\/portal\/index.php?rest_route=\/wp\/v2\/posts"}],"about":[{"href":"https:\/\/aconteceunovale.com.br\/portal\/index.php?rest_route=\/wp\/v2\/types\/post"}],"author":[{"embeddable":true,"href":"https:\/\/aconteceunovale.com.br\/portal\/index.php?rest_route=\/wp\/v2\/users\/1"}],"replies":[{"embeddable":true,"href":"https:\/\/aconteceunovale.com.br\/portal\/index.php?rest_route=%2Fwp%2Fv2%2Fcomments&post=21044"}],"version-history":[{"count":0,"href":"https:\/\/aconteceunovale.com.br\/portal\/index.php?rest_route=\/wp\/v2\/posts\/21044\/revisions"}],"wp:featuredmedia":[{"embeddable":true,"href":"https:\/\/aconteceunovale.com.br\/portal\/index.php?rest_route=\/wp\/v2\/media\/21046"}],"wp:attachment":[{"href":"https:\/\/aconteceunovale.com.br\/portal\/index.php?rest_route=%2Fwp%2Fv2%2Fmedia&parent=21044"}],"wp:term":[{"taxonomy":"category","embeddable":true,"href":"https:\/\/aconteceunovale.com.br\/portal\/index.php?rest_route=%2Fwp%2Fv2%2Fcategories&post=21044"},{"taxonomy":"post_tag","embeddable":true,"href":"https:\/\/aconteceunovale.com.br\/portal\/index.php?rest_route=%2Fwp%2Fv2%2Ftags&post=21044"}],"curies":[{"name":"wp","href":"https:\/\/api.w.org\/{rel}","templated":true}]}}