{"id":21041,"date":"2014-02-12T00:09:14","date_gmt":"2014-02-12T02:09:14","guid":{"rendered":"http:\/\/aconteceunovale.com.br\/portal\/?p=21041"},"modified":"2014-02-12T00:09:14","modified_gmt":"2014-02-12T02:09:14","slug":"montes-claros-projeto-estimula-idosos-com-oficinas-de-artesanato","status":"publish","type":"post","link":"https:\/\/aconteceunovale.com.br\/portal\/?p=21041","title":{"rendered":"MONTES CLAROS: Projeto estimula idosos com oficinas de artesanato"},"content":{"rendered":"<p>Com o objetivo de promover a inclus\u00e3o social e emocional dos idosos, al\u00e9m da participa\u00e7\u00e3o dos maiores de 60 anos em atividades manuais e servi\u00e7os volunt\u00e1rios na comunidade, a Coordenadoria do Idoso da Secretaria de Desenvolvimento Social est\u00e1 implantando o Projeto Idosas Solid\u00e1rias. Em um primeiro momento, as idosas ter\u00e3o a possibilidade de optar pelos cursos de bainha aberta e patchwork (bordado com retalhos) que ter\u00e3o suas aulas ministradas na Casa do Artes\u00e3o, no bairro de Lourdes, e que iniciar\u00e3o no dia 17 de fevereiro.<\/p>\n<p><img decoding=\"async\" src=\"http:\/\/aconteceunovale.com.br\/portal\/wp-content\/uploads\/2014\/02\/casa_artesao_moc.jpg\" alt=\"\" \/><\/p>\n<p>Eliane Pereira Souto Souza \u00e9 agente de sa\u00fade do Estrat\u00e9gia de Sa\u00fade da Fam\u00edlia (ESF) do bairro de Lourdes e conta que a equipe da unidade de sa\u00fade  ir\u00e1 contribuir na identifica\u00e7\u00e3o e encaminhamento das participantes do projeto. Eliane revela que j\u00e1 trabalha com um grupo de terapia ocupacional e entende que, muitas vezes, o idoso precisa de alguma atividade para sair de sua rotina, sair de casa e ocupar seu tempo.<\/p>\n<p>Para o coordenador da Casa do Artes\u00e3o, Guilherme Matias Silva Peixoto, um dos objetivos da iniciativa \u00e9 criar no idoso o interesse de vir at\u00e9 o local para aprender, al\u00e9m da forma\u00e7\u00e3o de novos artes\u00e3os. Peixoto ainda afirma que os cursos ter\u00e3o a dura\u00e7\u00e3o de um m\u00eas, mas que o prosseguimento dos cursos e a inclus\u00e3o de novas op\u00e7\u00f5es n\u00e3o est\u00e1 descartada. <\/p>\n<p>A coordenadora do Idoso, Cibely Freire Diniz, est\u00e1 muito animada com o projeto e acredita que ele ir\u00e1 contribuir substancialmente para a melhoria da qualidade de vida dos idosos assim como para suas habilidades psicomotoras e cognitivas, al\u00e9m de, evidentemente, representar um modo de valorizar os idosos.<\/p>\n<p>O projeto ser\u00e1 executado gra\u00e7as a uma parceria entre a Secretaria de Desenvolvimento Social, a Secretaria de Cultura, atrav\u00e9s da Casa do Artes\u00e3o, e a Secretaria de Sa\u00fade, por meio da ESF do bairro de Lourdes. Em um primeiro momento, ser\u00e3o atendidas 80 idosas que ser\u00e3o distribu\u00eddas em turmas de 10 alunas cada. As aulas ter\u00e3o a dura\u00e7\u00e3o de 1h30 cada e uma periodicidade de duas vezes por semana: segunda e quarta-feira ou ter\u00e7a e quinta-feira. A aluna ainda pode optar pelo per\u00edodo da manha, entre 8 e 9h30 ou das 9h30 \u00e0s 11 horas, ou \u00e0 tarde, das 14 \u00e0s 15h30 ou das 15h30 \u00e0s 17 horas. N\u00e3o ser\u00e1 cobrada taxa de inscri\u00e7\u00e3o ou mensalidade, mas as alunas dever\u00e3o trazer de casa o material usado no curso e que \u00e9 composto de itens como tesoura, agulha e linha. Mais informa\u00e7\u00f5es podem ser obtidas pelo 3229-3459.<\/p>\n","protected":false},"excerpt":{"rendered":"<p>Com o objetivo de promover a inclus\u00e3o social e emocional dos idosos, al\u00e9m da participa\u00e7\u00e3o dos maiores de 60 anos em atividades manuais e servi\u00e7os volunt\u00e1rios na comunidade, a Coordenadoria do Idoso da Secretaria de Desenvolvimento Social est\u00e1 implantando o Projeto Idosas Solid\u00e1rias. Em um primeiro momento, as idosas ter\u00e3o a possibilidade de optar pelos [&hellip;]<\/p>\n","protected":false},"author":1,"featured_media":21042,"comment_status":"open","ping_status":"closed","sticky":false,"template":"","format":"standard","meta":{"amp_status":"","footnotes":""},"categories":[1236],"tags":[210,4169],"class_list":["post-21041","post","type-post","status-publish","format-standard","has-post-thumbnail","hentry","category-norte_de_minas","tag-montes-claros","tag-projeto-estimula-idosos-com-oficinas-de-artesanato-em-montes-claros"],"_links":{"self":[{"href":"https:\/\/aconteceunovale.com.br\/portal\/index.php?rest_route=\/wp\/v2\/posts\/21041","targetHints":{"allow":["GET"]}}],"collection":[{"href":"https:\/\/aconteceunovale.com.br\/portal\/index.php?rest_route=\/wp\/v2\/posts"}],"about":[{"href":"https:\/\/aconteceunovale.com.br\/portal\/index.php?rest_route=\/wp\/v2\/types\/post"}],"author":[{"embeddable":true,"href":"https:\/\/aconteceunovale.com.br\/portal\/index.php?rest_route=\/wp\/v2\/users\/1"}],"replies":[{"embeddable":true,"href":"https:\/\/aconteceunovale.com.br\/portal\/index.php?rest_route=%2Fwp%2Fv2%2Fcomments&post=21041"}],"version-history":[{"count":0,"href":"https:\/\/aconteceunovale.com.br\/portal\/index.php?rest_route=\/wp\/v2\/posts\/21041\/revisions"}],"wp:featuredmedia":[{"embeddable":true,"href":"https:\/\/aconteceunovale.com.br\/portal\/index.php?rest_route=\/wp\/v2\/media\/21042"}],"wp:attachment":[{"href":"https:\/\/aconteceunovale.com.br\/portal\/index.php?rest_route=%2Fwp%2Fv2%2Fmedia&parent=21041"}],"wp:term":[{"taxonomy":"category","embeddable":true,"href":"https:\/\/aconteceunovale.com.br\/portal\/index.php?rest_route=%2Fwp%2Fv2%2Fcategories&post=21041"},{"taxonomy":"post_tag","embeddable":true,"href":"https:\/\/aconteceunovale.com.br\/portal\/index.php?rest_route=%2Fwp%2Fv2%2Ftags&post=21041"}],"curies":[{"name":"wp","href":"https:\/\/api.w.org\/{rel}","templated":true}]}}