{"id":21036,"date":"2014-02-11T23:56:35","date_gmt":"2014-02-12T01:56:35","guid":{"rendered":"http:\/\/aconteceunovale.com.br\/portal\/?p=21036"},"modified":"2014-02-11T23:56:35","modified_gmt":"2014-02-12T01:56:35","slug":"dilma-volta-a-governador-valadares-na-proxima-segunda","status":"publish","type":"post","link":"https:\/\/aconteceunovale.com.br\/portal\/?p=21036","title":{"rendered":"Dilma volta a Governador Valadares na pr\u00f3xima segunda"},"content":{"rendered":"<p>A presidente da Rep\u00fablica, Dilma Rousseff, voltar\u00e1 a Governador Valadares na pr\u00f3xima segunda-feira (17). O motivo da segunda visita como presidente \u00e0 cidade \u00e9 a formatura de mais de 1.000 alunos dos cursos do Programa Nacional de Acesso ao Ensino T\u00e9cnico e Emprego (Pronatec). Segundo o ranking do Minist\u00e9rio do Desenvolvimento Social (MDS), Valadares \u00e9 o quarto munic\u00edpio que mais matriculou em cursos do Pronatec\/Brasil Sem Mis\u00e9ria, entre 320 munic\u00edpios que participam do projeto. Para 2014 j\u00e1 foram pactuadas cerca de quatro mil vagas em cursos do Programa.<\/p>\n<p><img decoding=\"async\" src=\"http:\/\/aconteceunovale.com.br\/portal\/wp-content\/uploads\/2014\/02\/dilma_formatura_pronatec_gv.jpg\" alt=\"\" \/><\/p>\n<p>Em 2012 Valadares ofertou cinco cursos e teve cerca de 100 matriculados. Em 2013, o n\u00famero de cursos passou para 19, enquanto a quantidade de alunos subiu para 1.636. O Programa Nacional de Acesso ao Ensino T\u00e9cnico e Emprego (Pronatec) foi criado pelo governo federal em 2011, com o objetivo de ampliar a oferta de cursos de educa\u00e7\u00e3o profissional e tecnol\u00f3gica. O projeto tem como objetivo expandir, interiorizar e democratizar a oferta de cursos de educa\u00e7\u00e3o profissional t\u00e9cnica de n\u00edvel m\u00e9dio e de cursos de forma\u00e7\u00e3o inicial e continuada ou qualifica\u00e7\u00e3o profissional presencial e a dist\u00e2ncia.<\/p>\n<p>No Pronatec s\u00e3o oferecidos cursos gratuitos nas escolas p\u00fablicas federais, estaduais e municipais. Al\u00e9m disso, oportunidades s\u00e3o ofertadas no Servi\u00e7o Nacional de Aprendizagem Industrial (Senai), no Servi\u00e7o Nacional de Aprendizagem Comercial (Senac), no Servi\u00e7o Nacional de Aprendizagem Rural (Senar) e no Servi\u00e7o Nacional de Aprendizagem do Transporte (Senat), em institui\u00e7\u00f5es privadas de ensino superior e de educa\u00e7\u00e3o profissional t\u00e9cnica de n\u00edvel m\u00e9dio. Em Valadares, o Programa tamb\u00e9m \u00e9 resultado de parceria com o Instituto Nosso Lar e Grupo Gente Nova (GGN), da Par\u00f3quia Nossa Senhora das Gra\u00e7as.<\/p>\n<p><em>(Fonte: Di\u00e1rio do Rio Doce)<\/em><\/p>\n","protected":false},"excerpt":{"rendered":"<p>A presidente da Rep\u00fablica, Dilma Rousseff, voltar\u00e1 a Governador Valadares na pr\u00f3xima segunda-feira (17). O motivo da segunda visita como presidente \u00e0 cidade \u00e9 a formatura de mais de 1.000 alunos dos cursos do Programa Nacional de Acesso ao Ensino T\u00e9cnico e Emprego (Pronatec). Segundo o ranking do Minist\u00e9rio do Desenvolvimento Social (MDS), Valadares \u00e9 [&hellip;]<\/p>\n","protected":false},"author":1,"featured_media":21037,"comment_status":"open","ping_status":"closed","sticky":false,"template":"","format":"standard","meta":{"amp_status":"","footnotes":""},"categories":[121],"tags":[4168,247],"class_list":["post-21036","post","type-post","status-publish","format-standard","has-post-thumbnail","hentry","category-leste","tag-dilma-volta-a-governador-valadares-na-proxima-segunda","tag-governador-valadares"],"_links":{"self":[{"href":"https:\/\/aconteceunovale.com.br\/portal\/index.php?rest_route=\/wp\/v2\/posts\/21036","targetHints":{"allow":["GET"]}}],"collection":[{"href":"https:\/\/aconteceunovale.com.br\/portal\/index.php?rest_route=\/wp\/v2\/posts"}],"about":[{"href":"https:\/\/aconteceunovale.com.br\/portal\/index.php?rest_route=\/wp\/v2\/types\/post"}],"author":[{"embeddable":true,"href":"https:\/\/aconteceunovale.com.br\/portal\/index.php?rest_route=\/wp\/v2\/users\/1"}],"replies":[{"embeddable":true,"href":"https:\/\/aconteceunovale.com.br\/portal\/index.php?rest_route=%2Fwp%2Fv2%2Fcomments&post=21036"}],"version-history":[{"count":0,"href":"https:\/\/aconteceunovale.com.br\/portal\/index.php?rest_route=\/wp\/v2\/posts\/21036\/revisions"}],"wp:featuredmedia":[{"embeddable":true,"href":"https:\/\/aconteceunovale.com.br\/portal\/index.php?rest_route=\/wp\/v2\/media\/21037"}],"wp:attachment":[{"href":"https:\/\/aconteceunovale.com.br\/portal\/index.php?rest_route=%2Fwp%2Fv2%2Fmedia&parent=21036"}],"wp:term":[{"taxonomy":"category","embeddable":true,"href":"https:\/\/aconteceunovale.com.br\/portal\/index.php?rest_route=%2Fwp%2Fv2%2Fcategories&post=21036"},{"taxonomy":"post_tag","embeddable":true,"href":"https:\/\/aconteceunovale.com.br\/portal\/index.php?rest_route=%2Fwp%2Fv2%2Ftags&post=21036"}],"curies":[{"name":"wp","href":"https:\/\/api.w.org\/{rel}","templated":true}]}}