{"id":21027,"date":"2014-02-11T23:01:58","date_gmt":"2014-02-12T01:01:58","guid":{"rendered":"http:\/\/aconteceunovale.com.br\/portal\/?p=21027"},"modified":"2014-02-11T23:01:58","modified_gmt":"2014-02-12T01:01:58","slug":"governo-de-minas-seleciona-empresa-que-vai-operar-servicos-de-celular-em-692-distritos","status":"publish","type":"post","link":"https:\/\/aconteceunovale.com.br\/portal\/?p=21027","title":{"rendered":"Governo de Minas seleciona empresa que vai operar servi\u00e7os de celular em 692 distritos"},"content":{"rendered":"<p>A Secretaria de Estado de Planejamento e Gest\u00e3o (Seplag) realizou, nessa segunda-feira (10), chamamento p\u00fablico para contrata\u00e7\u00e3o da empresa que ir\u00e1 executar o Programa de Universaliza\u00e7\u00e3o do Acesso aos Servi\u00e7os de Telecomunica\u00e7\u00f5es do Estado de Minas Gerais, o Minas Comunica II. A empresa vencedora foi a Telef\u00f4nica\/Vivo que apresentou o valor final de R$ 112,430 milh\u00f5es. Com a proposta, o Governo de Minas ter\u00e1 uma economia de 18,75% ante o valor de refer\u00eancia fixado em R$ 138,4 milh\u00f5es.<\/p>\n<p><img decoding=\"async\" src=\"http:\/\/aconteceunovale.com.br\/portal\/wp-content\/uploads\/2014\/01\/celular_distrito.jpg\" alt=\"\" \/><\/p>\n<p>A empresa OI, que tamb\u00e9m participou do Chamamento P\u00fablico, ter\u00e1 at\u00e9 o dia 13 para apresentar recurso e a Telef\u00f4nica\/Vivo ter\u00e1 at\u00e9 18 de fevereiro para resposta. O parecer final ser\u00e1 concedido pela comiss\u00e3o de acompanhamento, no pr\u00f3ximo dia 21, e a assinatura do termo de compromisso dever\u00e1 ocorrer ainda em fevereiro.<\/p>\n<p>O Minas Comunica II visa implantar o servi\u00e7o de cobertura celular e comunica\u00e7\u00e3o de dados em 692 distritos de 359 munic\u00edpios mineiros, onde vivem cerca de 1,17 milh\u00e3o de pessoas. Al\u00e9m de atender \u00e0 popula\u00e7\u00e3o dos distritos, o programa facilitar\u00e1 a comunica\u00e7\u00e3o dos viajantes, pois haver\u00e1 amplia\u00e7\u00e3o da cobertura. O Minas Comunica II ser\u00e1 desenvolvido pelas secretarias de Estado de Planejamento e Gest\u00e3o (Seplag) e de Fazenda (SEF), levando em considera\u00e7\u00e3o os distritos existentes durante o Censo IBGE (2010). O programa n\u00e3o atinge as comunidades ou aglomerados n\u00e3o rurais n\u00e3o elevados \u00e0 categoria de distrito.<\/p>\n<p>A meta \u00e9, at\u00e9 o final deste ano, levar o servi\u00e7o de telefonia celular a 50% desses distritos. O projeto dever\u00e1 ser conclu\u00eddo at\u00e9 fevereiro de 2016, ou seja, 24 meses ap\u00f3s a assinatura do termo de compromisso com o vencedor do chamamento.<\/p>\n<p><strong>Tecnologia<\/strong><\/p>\n<p>De acordo com o edital publicado em 14 de janeiro deste ano, o servi\u00e7o dever\u00e1 ser prestado em conformidade com a regulamenta\u00e7\u00e3o da Ag\u00eancia Nacional de Telecomunica\u00e7\u00f5es (Anatel), aplic\u00e1vel ao SMP. \u201cO vencedor ter\u00e1 que oferecer o servi\u00e7o com tecnologia m\u00ednima 3G, padr\u00e3o UMTS. Caso opte por introduzir uma nova tecnologia, dever\u00e1 garantir que as modifica\u00e7\u00f5es n\u00e3o comprometam o funcionamento normal do servi\u00e7o\u201d, como explica o diretor da Superintend\u00eancia Central de Governan\u00e7a Eletr\u00f4nica, Rodrigo Diniz.<\/p>\n<p>O servi\u00e7o de transmiss\u00e3o de dados dever\u00e1 ter capacidade de suportar velocidades de, no m\u00ednimo, um Mbps, em condi\u00e7\u00f5es normais de opera\u00e7\u00e3o. A oferta de mobilidade e roaming tamb\u00e9m \u00e9 obrigat\u00f3ria, nos termos das regras da Anatel. O servi\u00e7o prestado tamb\u00e9m dever\u00e1 oferecer planos de servi\u00e7o (pr\u00e9 e p\u00f3s-pagos).<\/p>\n<p><strong>Primeira etapa<\/strong><\/p>\n<p>Lan\u00e7ado em abril de 2007, o Minas Comunica beneficiou diretamente cerca de 2,5 milh\u00f5es de pessoas em 412 sedes de munic\u00edpios, que, naquele ano, n\u00e3o contavam com o servi\u00e7o de telefonia celular e transmiss\u00e3o de dados. Em agosto de 2008, o programa j\u00e1 tinha cumprido sua meta e levado o sinal de telefonia celular para 100% das cidades mineiras.<\/p>\n","protected":false},"excerpt":{"rendered":"<p>A Secretaria de Estado de Planejamento e Gest\u00e3o (Seplag) realizou, nessa segunda-feira (10), chamamento p\u00fablico para contrata\u00e7\u00e3o da empresa que ir\u00e1 executar o Programa de Universaliza\u00e7\u00e3o do Acesso aos Servi\u00e7os de Telecomunica\u00e7\u00f5es do Estado de Minas Gerais, o Minas Comunica II. A empresa vencedora foi a Telef\u00f4nica\/Vivo que apresentou o valor final de R$ 112,430 [&hellip;]<\/p>\n","protected":false},"author":1,"featured_media":0,"comment_status":"open","ping_status":"closed","sticky":false,"template":"","format":"standard","meta":{"amp_status":"","footnotes":""},"categories":[123],"tags":[4163,2929,4161,4162,3010,2928],"class_list":["post-21027","post","type-post","status-publish","format-standard","hentry","category-gerais","tag-692-distritos-terao-sinal-de-celular","tag-distritos-que-receberao-sinal-de-celular-pelo-minas-comunica-ii","tag-governo-de-minas-seleciona-empresa-que-vai-operar-servicos-de-celular-em-692-distritos","tag-minas-comunica-2","tag-minas-comunica-ii","tag-programa-minas-comunica-ii"],"_links":{"self":[{"href":"https:\/\/aconteceunovale.com.br\/portal\/index.php?rest_route=\/wp\/v2\/posts\/21027","targetHints":{"allow":["GET"]}}],"collection":[{"href":"https:\/\/aconteceunovale.com.br\/portal\/index.php?rest_route=\/wp\/v2\/posts"}],"about":[{"href":"https:\/\/aconteceunovale.com.br\/portal\/index.php?rest_route=\/wp\/v2\/types\/post"}],"author":[{"embeddable":true,"href":"https:\/\/aconteceunovale.com.br\/portal\/index.php?rest_route=\/wp\/v2\/users\/1"}],"replies":[{"embeddable":true,"href":"https:\/\/aconteceunovale.com.br\/portal\/index.php?rest_route=%2Fwp%2Fv2%2Fcomments&post=21027"}],"version-history":[{"count":0,"href":"https:\/\/aconteceunovale.com.br\/portal\/index.php?rest_route=\/wp\/v2\/posts\/21027\/revisions"}],"wp:attachment":[{"href":"https:\/\/aconteceunovale.com.br\/portal\/index.php?rest_route=%2Fwp%2Fv2%2Fmedia&parent=21027"}],"wp:term":[{"taxonomy":"category","embeddable":true,"href":"https:\/\/aconteceunovale.com.br\/portal\/index.php?rest_route=%2Fwp%2Fv2%2Fcategories&post=21027"},{"taxonomy":"post_tag","embeddable":true,"href":"https:\/\/aconteceunovale.com.br\/portal\/index.php?rest_route=%2Fwp%2Fv2%2Ftags&post=21027"}],"curies":[{"name":"wp","href":"https:\/\/api.w.org\/{rel}","templated":true}]}}