{"id":21013,"date":"2014-02-11T18:50:11","date_gmt":"2014-02-11T20:50:11","guid":{"rendered":"http:\/\/aconteceunovale.com.br\/portal\/?p=21013"},"modified":"2014-02-11T18:50:11","modified_gmt":"2014-02-11T20:50:11","slug":"caminhao-tomba-na-ponte-alta-em-turmalina","status":"publish","type":"post","link":"https:\/\/aconteceunovale.com.br\/portal\/?p=21013","title":{"rendered":"Caminh\u00e3o tomba na Ponte Alta em Turmalina"},"content":{"rendered":"<p>Na tarde desta segunda-feira (10\/02), mais um caminh\u00e3o tombou na descida da Ponte Alta em Turmalina, no Vale do Jequitinhonha. O ve\u00edculo de Bocai\u00fava transportava uma carga de placas de vidro.<\/p>\n<p><img decoding=\"async\" src=\"http:\/\/aconteceunovale.com.br\/portal\/wp-content\/uploads\/2014\/02\/caminhao_tomba_ponte_alta_10_2.jpg\" alt=\"\" \/><br \/>\n<em>(Foto: Matheus Gon\u00e7alves)<\/em><\/p>\n<p>Segundo informa\u00e7\u00f5es, o motorista e o ajudante conseguiram saltar do ve\u00edculo e tiveram apenas escoria\u00e7\u00f5es.<\/p>\n<p>Esse tipo de acidente \u00e9 frequente no local, a menos de um m\u00eas um caminh\u00e3o carregado de cimento tombou pr\u00f3ximo ao local e vitimou o motorista que era natural de Minas Novas.<\/p>\n","protected":false},"excerpt":{"rendered":"<p>Na tarde desta segunda-feira (10\/02), mais um caminh\u00e3o tombou na descida da Ponte Alta em Turmalina, no Vale do Jequitinhonha. O ve\u00edculo de Bocai\u00fava transportava uma carga de placas de vidro. (Foto: Matheus Gon\u00e7alves) Segundo informa\u00e7\u00f5es, o motorista e o ajudante conseguiram saltar do ve\u00edculo e tiveram apenas escoria\u00e7\u00f5es. Esse tipo de acidente \u00e9 frequente [&hellip;]<\/p>\n","protected":false},"author":1,"featured_media":21014,"comment_status":"open","ping_status":"closed","sticky":false,"template":"","format":"standard","meta":{"amp_status":"","footnotes":""},"categories":[120],"tags":[645,4154,178],"class_list":["post-21013","post","type-post","status-publish","format-standard","has-post-thumbnail","hentry","category-jequi","tag-bocaiuva","tag-caminhao-tomba-na-ponte-alta-em-turmalina","tag-turmalina"],"_links":{"self":[{"href":"https:\/\/aconteceunovale.com.br\/portal\/index.php?rest_route=\/wp\/v2\/posts\/21013","targetHints":{"allow":["GET"]}}],"collection":[{"href":"https:\/\/aconteceunovale.com.br\/portal\/index.php?rest_route=\/wp\/v2\/posts"}],"about":[{"href":"https:\/\/aconteceunovale.com.br\/portal\/index.php?rest_route=\/wp\/v2\/types\/post"}],"author":[{"embeddable":true,"href":"https:\/\/aconteceunovale.com.br\/portal\/index.php?rest_route=\/wp\/v2\/users\/1"}],"replies":[{"embeddable":true,"href":"https:\/\/aconteceunovale.com.br\/portal\/index.php?rest_route=%2Fwp%2Fv2%2Fcomments&post=21013"}],"version-history":[{"count":0,"href":"https:\/\/aconteceunovale.com.br\/portal\/index.php?rest_route=\/wp\/v2\/posts\/21013\/revisions"}],"wp:featuredmedia":[{"embeddable":true,"href":"https:\/\/aconteceunovale.com.br\/portal\/index.php?rest_route=\/wp\/v2\/media\/21014"}],"wp:attachment":[{"href":"https:\/\/aconteceunovale.com.br\/portal\/index.php?rest_route=%2Fwp%2Fv2%2Fmedia&parent=21013"}],"wp:term":[{"taxonomy":"category","embeddable":true,"href":"https:\/\/aconteceunovale.com.br\/portal\/index.php?rest_route=%2Fwp%2Fv2%2Fcategories&post=21013"},{"taxonomy":"post_tag","embeddable":true,"href":"https:\/\/aconteceunovale.com.br\/portal\/index.php?rest_route=%2Fwp%2Fv2%2Ftags&post=21013"}],"curies":[{"name":"wp","href":"https:\/\/api.w.org\/{rel}","templated":true}]}}