{"id":21009,"date":"2014-02-11T17:53:01","date_gmt":"2014-02-11T19:53:01","guid":{"rendered":"http:\/\/aconteceunovale.com.br\/portal\/?p=21009"},"modified":"2014-02-11T17:53:01","modified_gmt":"2014-02-11T19:53:01","slug":"lavrador-mata-irmao-com-tiro-acidental-em-itinga","status":"publish","type":"post","link":"https:\/\/aconteceunovale.com.br\/portal\/?p=21009","title":{"rendered":"Lavrador mata irm\u00e3o com tiro acidental em Itinga"},"content":{"rendered":"<p>A Pol\u00edcia Civil vai investigar a morte do lavrador, Vanderlei Alves Luiz, de 18 anos, que foi morto pelo irm\u00e3o, na manh\u00e3 de s\u00e1bado (8) na Comunidade de Campo Limpo, zona rural do munic\u00edpio de Itinga, no Vale do Jequitinhonha (MG).<\/p>\n<p>De acordo com o depoimento de um adolescente de 14 anos, na manh\u00e3 daquele dia, ele saiu de casa, com os irm\u00e3os Vanderli Alves Luiz, de 26 anos e o irm\u00e3o dele, Vanderlei Luiz, de 18, para apanhar folhas de coqueiro para fabrica\u00e7\u00e3o de vassouras.<\/p>\n<p>Ele contou que no caminho, Vanderlei entregou uma espingarda polveira para o irm\u00e3o mais velho e que em determinado momento, o rapaz escorregou,  e na queda, a arma disparou e atingiu a regi\u00e3o das costelas de Vanderlei que morreu no local.<\/p>\n<p>Assustado, o lavrador fugiu pelo matagal, conforme depoimento do adolescente.<\/p>\n<p>De acordo com policiais militares que atenderam a ocorr\u00eancia, o corpo da v\u00edtima foi retirado do local pelos pr\u00f3prios familiares.<\/p>\n<p>A per\u00edcia da Delegacia de Pedra Azul, compareceu at\u00e9 \u00e0 comunidade e autorizou a remo\u00e7\u00e3o do corpo para o IML de Almenara.<\/p>\n<p>O lavrador foi sepultado no domingo (9). A espingarda foi apreendida. O irm\u00e3o dele  vai responder pelo crime em liberdade.<\/p>\n<p><em>(Foto ilustrativa)<\/em><br \/>\n<img decoding=\"async\" src=\"http:\/\/aconteceunovale.com.br\/portal\/wp-content\/uploads\/2014\/02\/polveira_espingarda.jpg\" alt=\"\" \/><\/p>\n<p><em><strong>(Fonte: Gazeta de Ara\u00e7ua\u00ed)<\/strong><\/em><\/p>\n","protected":false},"excerpt":{"rendered":"<p>A Pol\u00edcia Civil vai investigar a morte do lavrador, Vanderlei Alves Luiz, de 18 anos, que foi morto pelo irm\u00e3o, na manh\u00e3 de s\u00e1bado (8) na Comunidade de Campo Limpo, zona rural do munic\u00edpio de Itinga, no Vale do Jequitinhonha (MG). De acordo com o depoimento de um adolescente de 14 anos, na manh\u00e3 daquele [&hellip;]<\/p>\n","protected":false},"author":1,"featured_media":21010,"comment_status":"open","ping_status":"closed","sticky":false,"template":"","format":"standard","meta":{"amp_status":"","footnotes":""},"categories":[120],"tags":[189,4153],"class_list":["post-21009","post","type-post","status-publish","format-standard","has-post-thumbnail","hentry","category-jequi","tag-itinga","tag-lavrador-mata-irmao-com-tiro-acidental-em-itinga"],"_links":{"self":[{"href":"https:\/\/aconteceunovale.com.br\/portal\/index.php?rest_route=\/wp\/v2\/posts\/21009","targetHints":{"allow":["GET"]}}],"collection":[{"href":"https:\/\/aconteceunovale.com.br\/portal\/index.php?rest_route=\/wp\/v2\/posts"}],"about":[{"href":"https:\/\/aconteceunovale.com.br\/portal\/index.php?rest_route=\/wp\/v2\/types\/post"}],"author":[{"embeddable":true,"href":"https:\/\/aconteceunovale.com.br\/portal\/index.php?rest_route=\/wp\/v2\/users\/1"}],"replies":[{"embeddable":true,"href":"https:\/\/aconteceunovale.com.br\/portal\/index.php?rest_route=%2Fwp%2Fv2%2Fcomments&post=21009"}],"version-history":[{"count":0,"href":"https:\/\/aconteceunovale.com.br\/portal\/index.php?rest_route=\/wp\/v2\/posts\/21009\/revisions"}],"wp:featuredmedia":[{"embeddable":true,"href":"https:\/\/aconteceunovale.com.br\/portal\/index.php?rest_route=\/wp\/v2\/media\/21010"}],"wp:attachment":[{"href":"https:\/\/aconteceunovale.com.br\/portal\/index.php?rest_route=%2Fwp%2Fv2%2Fmedia&parent=21009"}],"wp:term":[{"taxonomy":"category","embeddable":true,"href":"https:\/\/aconteceunovale.com.br\/portal\/index.php?rest_route=%2Fwp%2Fv2%2Fcategories&post=21009"},{"taxonomy":"post_tag","embeddable":true,"href":"https:\/\/aconteceunovale.com.br\/portal\/index.php?rest_route=%2Fwp%2Fv2%2Ftags&post=21009"}],"curies":[{"name":"wp","href":"https:\/\/api.w.org\/{rel}","templated":true}]}}