{"id":21007,"date":"2014-02-11T17:30:21","date_gmt":"2014-02-11T19:30:21","guid":{"rendered":"http:\/\/aconteceunovale.com.br\/portal\/?p=21007"},"modified":"2014-02-11T17:30:21","modified_gmt":"2014-02-11T19:30:21","slug":"avo-e-preso-acusado-de-abusar-das-netas-de-5-e-10-anos-em-almenara","status":"publish","type":"post","link":"https:\/\/aconteceunovale.com.br\/portal\/?p=21007","title":{"rendered":"Av\u00f4 \u00e9 preso acusado de abusar das netas de 5 e 10 anos em Almenara"},"content":{"rendered":"<p>Um homem de 63 anos est\u00e1 preso em Almenara, no Vale do Jequitinhonha (MG). Ele \u00e9 acusado pela pr\u00f3pria filha, de 34 anos, de abusar das netas de 5 e 10 anos.<\/p>\n<p>As crian\u00e7as confirmaram que os abusos eram frequentes e que eram amea\u00e7adas pelo av\u00f4 para n\u00e3o revelar nada.<\/p>\n<p>A m\u00e3e das crian\u00e7as contou que mora com o companheiro, na casa do pai, no bairro Cidade Nova, porque na casa dela n\u00e3o tem \u00e1gua nem luz. Ela disse ainda que j\u00e1 desconfiava dos abusos.<\/p>\n<p>De acordo com a mulher, na sexta-feira (7) o pai chegou em casa com fortes sintomas de embriaguez e bastante nervoso. Ele come\u00e7ou a discutir com o companheiro dela que acabou expulso de casa pelo aposentado.<\/p>\n<p>Revoltada, ela procurou a pol\u00edcia e contou tudo que sabia. Aos policiais, ela revelou que n\u00e3o tinha feito a den\u00fancia antes, porque estava sendo amea\u00e7ada por dois irm\u00e3os que moram em Belo Horizonte.<\/p>\n<p>A mulher disse que certo dia, saiu para trabalhar mas que,  no caminho, decidiu voltar e viu pela fresta das t\u00e1buas da casa, o pai nu,  passando o \u00f3rg\u00e3o genital  dele em uma das crian\u00e7as e violentando  a outra com os dedos.<\/p>\n<p>Na policia, ela contou que ao chamar a aten\u00e7\u00e3o do pai, ele respondeu que ela n\u00e3o mandava nada na casa e que ele fazia o que bem entendesse com as meninas.<\/p>\n<p>O homem foi preso e responder\u00e1 processo por estupro de vulner\u00e1vel.<\/p>\n<p>Na delegacia ele negou os fatos, dizendo que tudo n\u00e3o passava de inven\u00e7\u00e3o da filha e das netas. Se for condenado, pode pegar de 1 a 12 anos de pris\u00e3o.<\/p>\n<p>As crian\u00e7as foram submetidas a exames para saber se houve rompimento do h\u00edmen. A delegada que acompanha o caso n\u00e3o foi localizada para falar sobre as investiga\u00e7\u00f5es que dever\u00e1 ocorrer sob segredo de justi\u00e7a.<\/p>\n<p>O caso est\u00e1 sendo acompanhado pelo Conselho Tutelar e sob investiga\u00e7\u00e3o da Pol\u00edcia Civil.<\/p>\n<p><em>(Imagem ilustrativa)<\/em><br \/>\n<img decoding=\"async\" src=\"http:\/\/aconteceunovale.com.br\/portal\/wp-content\/uploads\/2013\/12\/abuso.jpg\" alt=\"\" \/><\/p>\n<p><em><strong>(Fonte: Gazeta de Ara\u00e7ua\u00ed)<\/strong><\/em><\/p>\n","protected":false},"excerpt":{"rendered":"<p>Um homem de 63 anos est\u00e1 preso em Almenara, no Vale do Jequitinhonha (MG). Ele \u00e9 acusado pela pr\u00f3pria filha, de 34 anos, de abusar das netas de 5 e 10 anos. As crian\u00e7as confirmaram que os abusos eram frequentes e que eram amea\u00e7adas pelo av\u00f4 para n\u00e3o revelar nada. A m\u00e3e das crian\u00e7as contou [&hellip;]<\/p>\n","protected":false},"author":1,"featured_media":14576,"comment_status":"open","ping_status":"closed","sticky":false,"template":"","format":"standard","meta":{"amp_status":"","footnotes":""},"categories":[120],"tags":[142,4152],"class_list":["post-21007","post","type-post","status-publish","format-standard","has-post-thumbnail","hentry","category-jequi","tag-almenara","tag-avo-e-preso-acusado-de-abusar-das-netas-de-5-e-10-anos-em-almenara"],"_links":{"self":[{"href":"https:\/\/aconteceunovale.com.br\/portal\/index.php?rest_route=\/wp\/v2\/posts\/21007","targetHints":{"allow":["GET"]}}],"collection":[{"href":"https:\/\/aconteceunovale.com.br\/portal\/index.php?rest_route=\/wp\/v2\/posts"}],"about":[{"href":"https:\/\/aconteceunovale.com.br\/portal\/index.php?rest_route=\/wp\/v2\/types\/post"}],"author":[{"embeddable":true,"href":"https:\/\/aconteceunovale.com.br\/portal\/index.php?rest_route=\/wp\/v2\/users\/1"}],"replies":[{"embeddable":true,"href":"https:\/\/aconteceunovale.com.br\/portal\/index.php?rest_route=%2Fwp%2Fv2%2Fcomments&post=21007"}],"version-history":[{"count":0,"href":"https:\/\/aconteceunovale.com.br\/portal\/index.php?rest_route=\/wp\/v2\/posts\/21007\/revisions"}],"wp:featuredmedia":[{"embeddable":true,"href":"https:\/\/aconteceunovale.com.br\/portal\/index.php?rest_route=\/wp\/v2\/media\/14576"}],"wp:attachment":[{"href":"https:\/\/aconteceunovale.com.br\/portal\/index.php?rest_route=%2Fwp%2Fv2%2Fmedia&parent=21007"}],"wp:term":[{"taxonomy":"category","embeddable":true,"href":"https:\/\/aconteceunovale.com.br\/portal\/index.php?rest_route=%2Fwp%2Fv2%2Fcategories&post=21007"},{"taxonomy":"post_tag","embeddable":true,"href":"https:\/\/aconteceunovale.com.br\/portal\/index.php?rest_route=%2Fwp%2Fv2%2Ftags&post=21007"}],"curies":[{"name":"wp","href":"https:\/\/api.w.org\/{rel}","templated":true}]}}