{"id":21000,"date":"2014-02-11T17:05:02","date_gmt":"2014-02-11T19:05:02","guid":{"rendered":"http:\/\/aconteceunovale.com.br\/portal\/?p=21000"},"modified":"2014-02-11T17:05:58","modified_gmt":"2014-02-11T19:05:58","slug":"santa-maria-do-suacui-comemora-90-anos-de-emancipacao-em-marco","status":"publish","type":"post","link":"https:\/\/aconteceunovale.com.br\/portal\/?p=21000","title":{"rendered":"Santa Maria do Sua\u00e7u\u00ed comemora 90 anos de emancipa\u00e7\u00e3o em mar\u00e7o"},"content":{"rendered":"<p><em><strong>(REDA\u00c7\u00c3O DO ACONTECEU NO VALE)<\/strong><\/em><\/p>\n<p>No pr\u00f3ximo dia 16 de mar\u00e7o de 2014, Santa Maria do Sua\u00e7u\u00ed, munic\u00edpio do Vale do Rio Doce, comemora 90 anos de emancipa\u00e7\u00e3o pol\u00edtica.<\/p>\n<p>E para festejar essa data, a Prefeitura Municipal realizar\u00e1 um mega evento, com shows nos dias 14, 15 e 16 de mar\u00e7o na Pra\u00e7a Sinh\u00f4 Garcia.<\/p>\n<p>No dia 16 de mar\u00e7o, sexta-feira, shows com Forr\u00f3 Simbora e a banda baile Gang Lex. No s\u00e1bado, a partir das 17h, inaugura\u00e7\u00e3o da Esta\u00e7\u00e3o de Tratamento de esgoto e a noite shows com as duplas C\u00e9zar &#038; Augusto e Relber &#038; Allan. No domingo, dia do anivers\u00e1rio da cidade, a partir das 10 da manh\u00e3 acontecer\u00e1 a 6\u00aa Corrida R\u00fastica C\u00f4nego Lafayette da Costa Coelho. E a partir de meio dia, pagode na pra\u00e7a e boi no rolete.<\/p>\n<p>Santa Maria do Sua\u00e7u\u00ed espera por voc\u00ea nas comemora\u00e7\u00f5es de seus 90 anos de emancipa\u00e7\u00e3o pol\u00edtica.<\/p>\n<p><img decoding=\"async\" src=\"http:\/\/aconteceunovale.com.br\/portal\/wp-content\/uploads\/2014\/02\/90_anos_sms.jpg\" alt=\"\" \/><\/p>\n","protected":false},"excerpt":{"rendered":"<p>(REDA\u00c7\u00c3O DO ACONTECEU NO VALE) No pr\u00f3ximo dia 16 de mar\u00e7o de 2014, Santa Maria do Sua\u00e7u\u00ed, munic\u00edpio do Vale do Rio Doce, comemora 90 anos de emancipa\u00e7\u00e3o pol\u00edtica. E para festejar essa data, a Prefeitura Municipal realizar\u00e1 um mega evento, com shows nos dias 14, 15 e 16 de mar\u00e7o na Pra\u00e7a Sinh\u00f4 Garcia. [&hellip;]<\/p>\n","protected":false},"author":1,"featured_media":21001,"comment_status":"open","ping_status":"closed","sticky":false,"template":"","format":"standard","meta":{"amp_status":"","footnotes":""},"categories":[125],"tags":[4149,240,4148],"class_list":["post-21000","post","type-post","status-publish","format-standard","has-post-thumbnail","hentry","category-noticias","tag-90-anos-de-santa-maria-do-suacui","tag-santa-maria-do-suacui","tag-santa-maria-do-suacui-comemora-90-anos-de-emancipacao-em-marco"],"_links":{"self":[{"href":"https:\/\/aconteceunovale.com.br\/portal\/index.php?rest_route=\/wp\/v2\/posts\/21000","targetHints":{"allow":["GET"]}}],"collection":[{"href":"https:\/\/aconteceunovale.com.br\/portal\/index.php?rest_route=\/wp\/v2\/posts"}],"about":[{"href":"https:\/\/aconteceunovale.com.br\/portal\/index.php?rest_route=\/wp\/v2\/types\/post"}],"author":[{"embeddable":true,"href":"https:\/\/aconteceunovale.com.br\/portal\/index.php?rest_route=\/wp\/v2\/users\/1"}],"replies":[{"embeddable":true,"href":"https:\/\/aconteceunovale.com.br\/portal\/index.php?rest_route=%2Fwp%2Fv2%2Fcomments&post=21000"}],"version-history":[{"count":0,"href":"https:\/\/aconteceunovale.com.br\/portal\/index.php?rest_route=\/wp\/v2\/posts\/21000\/revisions"}],"wp:featuredmedia":[{"embeddable":true,"href":"https:\/\/aconteceunovale.com.br\/portal\/index.php?rest_route=\/wp\/v2\/media\/21001"}],"wp:attachment":[{"href":"https:\/\/aconteceunovale.com.br\/portal\/index.php?rest_route=%2Fwp%2Fv2%2Fmedia&parent=21000"}],"wp:term":[{"taxonomy":"category","embeddable":true,"href":"https:\/\/aconteceunovale.com.br\/portal\/index.php?rest_route=%2Fwp%2Fv2%2Fcategories&post=21000"},{"taxonomy":"post_tag","embeddable":true,"href":"https:\/\/aconteceunovale.com.br\/portal\/index.php?rest_route=%2Fwp%2Fv2%2Ftags&post=21000"}],"curies":[{"name":"wp","href":"https:\/\/api.w.org\/{rel}","templated":true}]}}