{"id":20998,"date":"2014-02-11T16:49:43","date_gmt":"2014-02-11T18:49:43","guid":{"rendered":"http:\/\/aconteceunovale.com.br\/portal\/?p=20998"},"modified":"2014-02-11T16:49:43","modified_gmt":"2014-02-11T18:49:43","slug":"sabinopolis-e-contemplado-com-cursos-do-pronatec","status":"publish","type":"post","link":"https:\/\/aconteceunovale.com.br\/portal\/?p=20998","title":{"rendered":"Sabin\u00f3polis \u00e9 contemplado com cursos do PRONATEC"},"content":{"rendered":"<p>O Munic\u00edpio de Sabin\u00f3polis, atrav\u00e9s da Secretaria Municipal de Assist\u00eancia Social, foi contemplado com 647 vagas para os cursos do Programa Nacional de Acesso ao Ensino T\u00e9cnico e Emprego &#8211; PRONATEC. O objetivo \u00e9 qualificar a m\u00e3o de obra atrav\u00e9s de cursos profissionalizantes. Da pactua\u00e7\u00e3o feita, Sabin\u00f3polis foi o munic\u00edpio da regi\u00e3o que mais foi contemplado com vagas.<\/p>\n<p>As vagas ser\u00e3o ofertadas prioritariamente para o p\u00fablico benefici\u00e1rio do Programa Bolsa Fam\u00edlia. O PRONATEC \u00e9 um programa do Governo Federal que tem como objetivo oferecer cursos de educa\u00e7\u00e3o profissional a estudantes, trabalhadores diversos, pessoas com defici\u00eancia e benefici\u00e1rios dos programas federais de transfer\u00eancia de renda.<\/p>\n<p>O PRONATEC \u00e9 parte de uma estrat\u00e9gia de desenvolvimento, em escala nacional, que busca integrar a qualifica\u00e7\u00e3o profissional com a eleva\u00e7\u00e3o da escolaridade, constituindo-se um instrumento de fomento ao desenvolvimento profissional, de inclus\u00e3o e de promo\u00e7\u00e3o do exerc\u00edcio da cidadania.<\/p>\n<p>Os cursos ser\u00e3o ministrados pelo Instituto Federal de Minas Gerais, Escola T\u00e9cnica vinculada a Universidade Federal e pelo SENAI. De acordo com a secret\u00e1ria de Assist\u00eancia Social Adelaide Matos, a vinda destes cursos \u00e9 um ganho muito grande para Sabin\u00f3polis. \u201cEstou feliz em poder contribuir com o munic\u00edpio para ter m\u00e3o de obra qualificada\u201d, relata. Em breve a popula\u00e7\u00e3o ser\u00e1 comunicada sobre os cursos que ser\u00e3o ofertados no primeiro semestre de 2014.<\/p>\n<p><img decoding=\"async\" src=\"http:\/\/aconteceunovale.com.br\/portal\/wp-content\/uploads\/2013\/12\/pronatec_ita.jpg\" alt=\"\" \/><\/p>\n","protected":false},"excerpt":{"rendered":"<p>O Munic\u00edpio de Sabin\u00f3polis, atrav\u00e9s da Secretaria Municipal de Assist\u00eancia Social, foi contemplado com 647 vagas para os cursos do Programa Nacional de Acesso ao Ensino T\u00e9cnico e Emprego &#8211; PRONATEC. O objetivo \u00e9 qualificar a m\u00e3o de obra atrav\u00e9s de cursos profissionalizantes. Da pactua\u00e7\u00e3o feita, Sabin\u00f3polis foi o munic\u00edpio da regi\u00e3o que mais foi [&hellip;]<\/p>\n","protected":false},"author":1,"featured_media":14949,"comment_status":"open","ping_status":"closed","sticky":false,"template":"","format":"standard","meta":{"amp_status":"","footnotes":""},"categories":[121],"tags":[310,4147],"class_list":["post-20998","post","type-post","status-publish","format-standard","has-post-thumbnail","hentry","category-leste","tag-sabinopolis","tag-sabinopolis-e-contemplado-com-cursos-do-pronatec"],"_links":{"self":[{"href":"https:\/\/aconteceunovale.com.br\/portal\/index.php?rest_route=\/wp\/v2\/posts\/20998","targetHints":{"allow":["GET"]}}],"collection":[{"href":"https:\/\/aconteceunovale.com.br\/portal\/index.php?rest_route=\/wp\/v2\/posts"}],"about":[{"href":"https:\/\/aconteceunovale.com.br\/portal\/index.php?rest_route=\/wp\/v2\/types\/post"}],"author":[{"embeddable":true,"href":"https:\/\/aconteceunovale.com.br\/portal\/index.php?rest_route=\/wp\/v2\/users\/1"}],"replies":[{"embeddable":true,"href":"https:\/\/aconteceunovale.com.br\/portal\/index.php?rest_route=%2Fwp%2Fv2%2Fcomments&post=20998"}],"version-history":[{"count":0,"href":"https:\/\/aconteceunovale.com.br\/portal\/index.php?rest_route=\/wp\/v2\/posts\/20998\/revisions"}],"wp:featuredmedia":[{"embeddable":true,"href":"https:\/\/aconteceunovale.com.br\/portal\/index.php?rest_route=\/wp\/v2\/media\/14949"}],"wp:attachment":[{"href":"https:\/\/aconteceunovale.com.br\/portal\/index.php?rest_route=%2Fwp%2Fv2%2Fmedia&parent=20998"}],"wp:term":[{"taxonomy":"category","embeddable":true,"href":"https:\/\/aconteceunovale.com.br\/portal\/index.php?rest_route=%2Fwp%2Fv2%2Fcategories&post=20998"},{"taxonomy":"post_tag","embeddable":true,"href":"https:\/\/aconteceunovale.com.br\/portal\/index.php?rest_route=%2Fwp%2Fv2%2Ftags&post=20998"}],"curies":[{"name":"wp","href":"https:\/\/api.w.org\/{rel}","templated":true}]}}