{"id":20974,"date":"2014-02-11T11:31:33","date_gmt":"2014-02-11T13:31:33","guid":{"rendered":"http:\/\/aconteceunovale.com.br\/portal\/?p=20974"},"modified":"2014-02-11T11:31:33","modified_gmt":"2014-02-11T13:31:33","slug":"prefeitura-desapropria-estadio-abandonado-e-invadido-pelo-mato-em-montes-claros","status":"publish","type":"post","link":"https:\/\/aconteceunovale.com.br\/portal\/?p=20974","title":{"rendered":"Prefeitura desapropria est\u00e1dio abandonado e invadido pelo mato em Montes Claros"},"content":{"rendered":"<p>A Prefeitura de Montes Claros desapropriou o est\u00e1dio Jo\u00e3o Rebello, da Associa\u00e7\u00e3o Desportiva Ateneu, antigo time da cidade que disputou o futebol profissional na d\u00e9cada de 1980. O decreto da desapropria\u00e7\u00e3o foi assinado, na segunda-feira, pelo prefeito Ruy Muniz. Ele justificou que o principal motivo da medida foi o fato de que o terreno, situado no bairro S\u00e3o Jos\u00e9 (\u00e1rea nobre, perto do Centro da cidade), est\u00e1 abandonado h\u00e1 mais de sete anos, invadido pelo mato. Por isso, tornou-se um risco para a sa\u00fade p\u00fablica, devido \u00e0 prolifera\u00e7\u00e3o de animais pe\u00e7onhentos e multiplica\u00e7\u00e3o de focos de dengue.<\/p>\n<p><img decoding=\"async\" src=\"http:\/\/aconteceunovale.com.br\/portal\/wp-content\/uploads\/2014\/02\/estadio_abandonado_moc_solon_queiroz.jpg\" alt=\"\" \/><br \/>\n<em>(Foto: Solon Queiroz)<\/em><\/p>\n<p>\u201cO im\u00f3vel foi desapropriado por conta da insalubridade p\u00fablica\u201d, disse o chefe do executivo, acrescentando que o local passou a servir para abrigo de marginais e de usu\u00e1rios de drogas, gerando muitas reclama\u00e7\u00f5es por parte dos moradores. O terreno totaliza 17.596 metros quadrados.<\/p>\n<p>O prefeito informou que a Prefeitura vai investir cerca de R$ 1 milh\u00e3o nas obras reforma do gramado, vesti\u00e1rios, sistema de ilumina\u00e7\u00e3o e arquibancadas do est\u00e1dio do Ateneu, que ser\u00e1 aproveitado para atividades de educa\u00e7\u00e3o integral da rede municipal e projetos sociais. Al\u00e9m disso, o campo vai servir para jogos das equipes da cidade que disputam competi\u00e7\u00f5es estaduais (Montes Claros e Funorte) e para jogos de times amadores. Segundo o chefe do executivo, a pr\u00f3pria equipe do Ateneu poder\u00e1 ser reativada e voltar a utilizar o espa\u00e7o. <\/p>\n<p>Atualmente, as arquibancadas (de concreto) do est\u00e1dio Jo\u00e3o Rebello comportam cerca de 5 mil torcedores. Mas, essa capacidade ser\u00e1 reduzida, tendo em vista a necessidade de reforma e instala\u00e7\u00e3o de cadeiras. Ruy Muniz disse que, antes de decidir pela desapropria\u00e7\u00e3o, a administra\u00e7\u00e3o municipal, por v\u00e1rias vezes, procurou a Associa\u00e7\u00e3o Desportiva Ateneu, com o objetivo de tentar a recupera\u00e7\u00e3o do est\u00e1dio ou, ent\u00e3o, a negocia\u00e7\u00e3o do terreno com um grupo empresarial. Mas, n\u00e3o teve retorno. Ele informou que o valor do im\u00f3vel ainda ser\u00e1 fixado por um avaliador independente. Por\u00e9m, ele acredita que o est\u00e1dio estaria avaliado, hoje, em cerca de R$ 3 milhoes. A Prefeitura ter\u00e1 que depositar o valor da desapropria\u00e7\u00e3o em ju\u00edzo, mas o chefe do executivo disse que do montante a ser pago ter\u00e1 que deduzido uma d\u00edvida de impostos municipais da entidade mantenedora do Ateneu.<\/p>\n<p>O prefeito garantiu ainda que a desapropria\u00e7\u00e3o do campo do Ateneu n\u00e3o vai alterar os planos da Prefeitura de construir o est\u00e1dio municipal &#8220;Moc\u00e3o&#8221;, obra prometida h\u00e1 d\u00e9cadas. Ele informou que nos pr\u00f3ximos dias, ser\u00e1 iniciada a constru\u00e7\u00e3o da &#8220;Vila Ol\u00edmp\u00edca&#8221;, financiada com recursos federais, ao lado do terreno do futuro &#8220;Moc\u00e3o&#8221;, no bairro Santo Ant\u00f4nio. Muniz anunciou tamb\u00e9m a retomada dos servi\u00e7os da constru\u00e7\u00e3o de um campo de futebol no parque Jo\u00e3o Botelho, obra que estava paralisada desde a gest\u00e3o passada.<\/p>\n<p><em>(Fonte: Estado de Minas)<\/em><\/p>\n","protected":false},"excerpt":{"rendered":"<p>A Prefeitura de Montes Claros desapropriou o est\u00e1dio Jo\u00e3o Rebello, da Associa\u00e7\u00e3o Desportiva Ateneu, antigo time da cidade que disputou o futebol profissional na d\u00e9cada de 1980. O decreto da desapropria\u00e7\u00e3o foi assinado, na segunda-feira, pelo prefeito Ruy Muniz. Ele justificou que o principal motivo da medida foi o fato de que o terreno, situado [&hellip;]<\/p>\n","protected":false},"author":1,"featured_media":20975,"comment_status":"open","ping_status":"closed","sticky":false,"template":"","format":"standard","meta":{"amp_status":"","footnotes":""},"categories":[1236],"tags":[210,4140],"class_list":["post-20974","post","type-post","status-publish","format-standard","has-post-thumbnail","hentry","category-norte_de_minas","tag-montes-claros","tag-prefeitura-desapropria-estadio-abandonado-e-invadido-pelo-mato-em-montes-claros"],"_links":{"self":[{"href":"https:\/\/aconteceunovale.com.br\/portal\/index.php?rest_route=\/wp\/v2\/posts\/20974","targetHints":{"allow":["GET"]}}],"collection":[{"href":"https:\/\/aconteceunovale.com.br\/portal\/index.php?rest_route=\/wp\/v2\/posts"}],"about":[{"href":"https:\/\/aconteceunovale.com.br\/portal\/index.php?rest_route=\/wp\/v2\/types\/post"}],"author":[{"embeddable":true,"href":"https:\/\/aconteceunovale.com.br\/portal\/index.php?rest_route=\/wp\/v2\/users\/1"}],"replies":[{"embeddable":true,"href":"https:\/\/aconteceunovale.com.br\/portal\/index.php?rest_route=%2Fwp%2Fv2%2Fcomments&post=20974"}],"version-history":[{"count":0,"href":"https:\/\/aconteceunovale.com.br\/portal\/index.php?rest_route=\/wp\/v2\/posts\/20974\/revisions"}],"wp:featuredmedia":[{"embeddable":true,"href":"https:\/\/aconteceunovale.com.br\/portal\/index.php?rest_route=\/wp\/v2\/media\/20975"}],"wp:attachment":[{"href":"https:\/\/aconteceunovale.com.br\/portal\/index.php?rest_route=%2Fwp%2Fv2%2Fmedia&parent=20974"}],"wp:term":[{"taxonomy":"category","embeddable":true,"href":"https:\/\/aconteceunovale.com.br\/portal\/index.php?rest_route=%2Fwp%2Fv2%2Fcategories&post=20974"},{"taxonomy":"post_tag","embeddable":true,"href":"https:\/\/aconteceunovale.com.br\/portal\/index.php?rest_route=%2Fwp%2Fv2%2Ftags&post=20974"}],"curies":[{"name":"wp","href":"https:\/\/api.w.org\/{rel}","templated":true}]}}