{"id":20971,"date":"2014-02-11T11:18:28","date_gmt":"2014-02-11T13:18:28","guid":{"rendered":"http:\/\/aconteceunovale.com.br\/portal\/?p=20971"},"modified":"2014-02-11T11:18:28","modified_gmt":"2014-02-11T13:18:28","slug":"justica-de-minas-novas-cadastra-entidades-para-receberem-recursos-de-penas-pecuniarias","status":"publish","type":"post","link":"https:\/\/aconteceunovale.com.br\/portal\/?p=20971","title":{"rendered":"Justi\u00e7a de Minas Novas cadastra entidades para receberem recursos de penas pecuni\u00e1rias"},"content":{"rendered":"<p>A comarca de Minas Novas publicou edital para cadastrar institui\u00e7\u00f5es p\u00fablicas ou privadas com finalidade social, a fim de receberem recursos provenientes de presta\u00e7\u00f5es pecuni\u00e1rias.<\/p>\n<p><img decoding=\"async\" src=\"http:\/\/aconteceunovale.com.br\/portal\/wp-content\/uploads\/2014\/02\/presos_trabalhando.jpg\" alt=\"\" \/><br \/>\n<em>(Foto ilustrativa &#8211; Fonte: SEDS\/MG)<\/em><\/p>\n<p>Somente ser\u00e3o admitidas para participar do credenciamento entidades que possuam sede, ag\u00eancias ou filiais na comarca de Minas Novas, devendo a verba destinada ser aplicada exclusivamente em projetos referentes aos munic\u00edpios que integram a comarca.<\/p>\n<p>As entidades interessadas devem preencher o formul\u00e1rio e apresentar Plano de Projeto, conforme descritos no edital, at\u00e9 o dia 22\/02, na Secretaria do Ju\u00edzo de Minas Novas.<\/p>\n<p>Veja mais detalhes no <a href=\"http:\/\/www.tjmg.jus.br\/lumis\/portal\/file\/fileDownload.jsp?fileId=FF80808143D8F88E01440290C52A6CFB\" target=\"_blank\">Edital de Convoca\u00e7\u00e3o<\/a>.<\/p>\n<p><a href=\"http:\/\/www.tjmg.jus.br\/portal\/processos\/utilizacao-valores-prestacao-pecuniaria\/\" target=\"_blank\">Saiba mais sobre recolhimento e destina\u00e7\u00e3o de recursos de penas pecuni\u00e1rias em Processos > Utiliza\u00e7\u00e3o de valores penas pecuni\u00e1rias.<\/a><\/p>\n<p><strong>Escolha dos projetos<\/strong><\/p>\n<p>A defini\u00e7\u00e3o de quais projetos ou atividades receber\u00e3o os recursos dever\u00e1 ser feita pela unidade gestora, que dever\u00e1 publicar edital, no m\u00ednimo uma vez a cada ano, dando prazo para que as entidades interessadas fa\u00e7am o cadastramento.<\/p>\n<p>&#8211; Documentos necess\u00e1rios para inscri\u00e7\u00e3o<\/p>\n<p>No ato do protocolo, as entidades interessadas devem apresentar os seguintes documentos:<\/p>\n<p>&#8211; Formul\u00e1rio de cadastramento preenchido (<a href=\"http:\/\/www.tjmg.jus.br\/data\/files\/E8\/40\/7F\/25\/D2F22410060E8224180808FF\/formulario%20de%20cadastramento.pdf\" target=\"_blank\">veja modelo<\/a>);<br \/>\n&#8211; Plano de projeto, que dever\u00e1 conter, no m\u00ednimo, as seguintes especifica\u00e7\u00f5es:<\/p>\n<p>a) finalidade;<br \/>\nb) tipo de atividade que pretende desenvolver;<br \/>\nc) exposi\u00e7\u00e3o sobre a relev\u00e2ncia social do projeto;<br \/>\nd) tipo de pessoa a que se destina;<br \/>\ne) tipo e n\u00famero de pessoas beneficiadas;<br \/>\nf) identifica\u00e7\u00e3o completa da pessoa respons\u00e1vel pela elabora\u00e7\u00e3o e execu\u00e7\u00e3o do projeto, caso n\u00e3o coincida com o dirigente da entidade;<br \/>\ng) discrimina\u00e7\u00e3o dos recursos materiais e humanos necess\u00e1rios \u00e0 execu\u00e7\u00e3o do projeto, com a identifica\u00e7\u00e3o das pessoas que ir\u00e3o participar da respectiva execu\u00e7\u00e3o;<br \/>\nh) per\u00edodo de execu\u00e7\u00e3o do projeto e de suas etapas;<br \/>\ni) forma e local da execu\u00e7\u00e3o;<br \/>\nj) valor total do projeto;<br \/>\nk) outras fontes de financiamento, se houver;<br \/>\n l) forma de disponibiliza\u00e7\u00e3o dos recursos financeiros;<br \/>\nm) outras informa\u00e7\u00f5es.<\/p>\n<p>Para consultar a forma de utiliza\u00e7\u00e3o dos valores, <a href=\"http:\/\/www.tjmg.jus.br\/portal\/processos\/utilizacao-valores-prestacao-pecuniaria\/destinacao\" target=\"_blank\">clique aqui<\/a><\/p>\n","protected":false},"excerpt":{"rendered":"<p>A comarca de Minas Novas publicou edital para cadastrar institui\u00e7\u00f5es p\u00fablicas ou privadas com finalidade social, a fim de receberem recursos provenientes de presta\u00e7\u00f5es pecuni\u00e1rias. (Foto ilustrativa &#8211; Fonte: SEDS\/MG) Somente ser\u00e3o admitidas para participar do credenciamento entidades que possuam sede, ag\u00eancias ou filiais na comarca de Minas Novas, devendo a verba destinada ser aplicada [&hellip;]<\/p>\n","protected":false},"author":1,"featured_media":20972,"comment_status":"open","ping_status":"closed","sticky":false,"template":"","format":"standard","meta":{"amp_status":"","footnotes":""},"categories":[120],"tags":[4139,137],"class_list":["post-20971","post","type-post","status-publish","format-standard","has-post-thumbnail","hentry","category-jequi","tag-justica-de-minas-novas-cadastra-entidades-para-receberem-recursos-de-penas-pecuniarias","tag-minas-novas"],"_links":{"self":[{"href":"https:\/\/aconteceunovale.com.br\/portal\/index.php?rest_route=\/wp\/v2\/posts\/20971","targetHints":{"allow":["GET"]}}],"collection":[{"href":"https:\/\/aconteceunovale.com.br\/portal\/index.php?rest_route=\/wp\/v2\/posts"}],"about":[{"href":"https:\/\/aconteceunovale.com.br\/portal\/index.php?rest_route=\/wp\/v2\/types\/post"}],"author":[{"embeddable":true,"href":"https:\/\/aconteceunovale.com.br\/portal\/index.php?rest_route=\/wp\/v2\/users\/1"}],"replies":[{"embeddable":true,"href":"https:\/\/aconteceunovale.com.br\/portal\/index.php?rest_route=%2Fwp%2Fv2%2Fcomments&post=20971"}],"version-history":[{"count":0,"href":"https:\/\/aconteceunovale.com.br\/portal\/index.php?rest_route=\/wp\/v2\/posts\/20971\/revisions"}],"wp:featuredmedia":[{"embeddable":true,"href":"https:\/\/aconteceunovale.com.br\/portal\/index.php?rest_route=\/wp\/v2\/media\/20972"}],"wp:attachment":[{"href":"https:\/\/aconteceunovale.com.br\/portal\/index.php?rest_route=%2Fwp%2Fv2%2Fmedia&parent=20971"}],"wp:term":[{"taxonomy":"category","embeddable":true,"href":"https:\/\/aconteceunovale.com.br\/portal\/index.php?rest_route=%2Fwp%2Fv2%2Fcategories&post=20971"},{"taxonomy":"post_tag","embeddable":true,"href":"https:\/\/aconteceunovale.com.br\/portal\/index.php?rest_route=%2Fwp%2Fv2%2Ftags&post=20971"}],"curies":[{"name":"wp","href":"https:\/\/api.w.org\/{rel}","templated":true}]}}