{"id":20956,"date":"2014-02-10T22:12:18","date_gmt":"2014-02-11T00:12:18","guid":{"rendered":"http:\/\/aconteceunovale.com.br\/portal\/?p=20956"},"modified":"2014-02-10T22:30:08","modified_gmt":"2014-02-11T00:30:08","slug":"governo-federal-reconhece-situacao-de-emergencia-em-turmalina-januaria-e-ipanema","status":"publish","type":"post","link":"https:\/\/aconteceunovale.com.br\/portal\/?p=20956","title":{"rendered":"Governo Federal reconhece situa\u00e7\u00e3o de emerg\u00eancia em Turmalina, Janu\u00e1ria e Ipanema"},"content":{"rendered":"<p>O governo federal reconheceu situa\u00e7\u00e3o de emerg\u00eancia em tr\u00eas munic\u00edpios mineiros. Est\u00e3o na lista as cidades de Janu\u00e1ria (MG), Ipanema (MG) e Turmalina (MG). A primeira foi classificada por sofrer com a forte estiagem, enquanto as outras est\u00e3o sendo atingidas por fortes tempestades.<\/p>\n<p>Al\u00e9m destas, tamb\u00e9m foram inclu\u00eddos munic\u00edpios da Bahia, Maranh\u00e3o, Santa Catarina e Rio Grande do Sul.<\/p>\n<p>As cidades de Guaratinga (BA), por enxurradas; Balsas, Bom Jardim, Pirapemas, Santa Luzia e Tufil\u00e2ndia (MA), por estiagem; Jupi\u00e1 (SC), por enxurradas; al\u00e9m de David Canabarro (RS), por granizo.<\/p>\n<p>A formaliza\u00e7\u00e3o da decis\u00e3o est\u00e1 presente na portaria n\u00ba 34, de 6 de fevereiro de 2014, da Secretaria Nacional de Prote\u00e7\u00e3o e Defesa Civil, integrante do Minist\u00e9rio da Integra\u00e7\u00e3o Nacional, publicada no Di\u00e1rio Oficial da Uni\u00e3o desta segunda-feira, 10.<\/p>\n<p>Conforme o Minist\u00e9rio da Integra\u00e7\u00e3o Nacional, situa\u00e7\u00e3o de emerg\u00eancia \u00e9 uma situa\u00e7\u00e3o anormal, decretada em raz\u00e3o de desastre que, embora n\u00e3o excedendo a capacidade inicial de resposta do munic\u00edpio ou do Estado atingido, requer aux\u00edlio complementar do Estado ou da Uni\u00e3o para as a\u00e7\u00f5es de socorro e de recupera\u00e7\u00e3o.<\/p>\n<p><img decoding=\"async\" src=\"http:\/\/aconteceunovale.com.br\/portal\/wp-content\/uploads\/2014\/02\/turmalina_mg.jpg\" alt=\"\" \/><br \/>\n<em>Vista parcial de Turmalina, que sofreu estragos com as chuvas de fim de ano 2013 &#8211; (Foto: JC Video\/Turmalina)<\/em><\/p>\n<p><em>(Fonte: Ag\u00eancia Brasil)<\/em><\/p>\n","protected":false},"excerpt":{"rendered":"<p>O governo federal reconheceu situa\u00e7\u00e3o de emerg\u00eancia em tr\u00eas munic\u00edpios mineiros. Est\u00e3o na lista as cidades de Janu\u00e1ria (MG), Ipanema (MG) e Turmalina (MG). A primeira foi classificada por sofrer com a forte estiagem, enquanto as outras est\u00e3o sendo atingidas por fortes tempestades. Al\u00e9m destas, tamb\u00e9m foram inclu\u00eddos munic\u00edpios da Bahia, Maranh\u00e3o, Santa Catarina e [&hellip;]<\/p>\n","protected":false},"author":1,"featured_media":20957,"comment_status":"open","ping_status":"closed","sticky":false,"template":"","format":"standard","meta":{"amp_status":"","footnotes":""},"categories":[123],"tags":[4131,4130,4129,1732,205,178],"class_list":["post-20956","post","type-post","status-publish","format-standard","has-post-thumbnail","hentry","category-gerais","tag-governo-federal-reconhece-situacao-de-emergencia-em-ipanema","tag-governo-federal-reconhece-situacao-de-emergencia-em-januaria","tag-governo-federal-reconhece-situacao-de-emergencia-em-turmalina","tag-ipanema","tag-januaria","tag-turmalina"],"_links":{"self":[{"href":"https:\/\/aconteceunovale.com.br\/portal\/index.php?rest_route=\/wp\/v2\/posts\/20956","targetHints":{"allow":["GET"]}}],"collection":[{"href":"https:\/\/aconteceunovale.com.br\/portal\/index.php?rest_route=\/wp\/v2\/posts"}],"about":[{"href":"https:\/\/aconteceunovale.com.br\/portal\/index.php?rest_route=\/wp\/v2\/types\/post"}],"author":[{"embeddable":true,"href":"https:\/\/aconteceunovale.com.br\/portal\/index.php?rest_route=\/wp\/v2\/users\/1"}],"replies":[{"embeddable":true,"href":"https:\/\/aconteceunovale.com.br\/portal\/index.php?rest_route=%2Fwp%2Fv2%2Fcomments&post=20956"}],"version-history":[{"count":0,"href":"https:\/\/aconteceunovale.com.br\/portal\/index.php?rest_route=\/wp\/v2\/posts\/20956\/revisions"}],"wp:featuredmedia":[{"embeddable":true,"href":"https:\/\/aconteceunovale.com.br\/portal\/index.php?rest_route=\/wp\/v2\/media\/20957"}],"wp:attachment":[{"href":"https:\/\/aconteceunovale.com.br\/portal\/index.php?rest_route=%2Fwp%2Fv2%2Fmedia&parent=20956"}],"wp:term":[{"taxonomy":"category","embeddable":true,"href":"https:\/\/aconteceunovale.com.br\/portal\/index.php?rest_route=%2Fwp%2Fv2%2Fcategories&post=20956"},{"taxonomy":"post_tag","embeddable":true,"href":"https:\/\/aconteceunovale.com.br\/portal\/index.php?rest_route=%2Fwp%2Fv2%2Ftags&post=20956"}],"curies":[{"name":"wp","href":"https:\/\/api.w.org\/{rel}","templated":true}]}}