{"id":20953,"date":"2014-02-10T22:03:06","date_gmt":"2014-02-11T00:03:06","guid":{"rendered":"http:\/\/aconteceunovale.com.br\/portal\/?p=20953"},"modified":"2014-02-10T22:03:06","modified_gmt":"2014-02-11T00:03:06","slug":"prefeito-de-montes-claros-assina-projeto-para-criacao-de-agencia-municipal-de-agua","status":"publish","type":"post","link":"https:\/\/aconteceunovale.com.br\/portal\/?p=20953","title":{"rendered":"Prefeito de Montes Claros assina projeto para cria\u00e7\u00e3o de Ag\u00eancia Municipal de \u00c1gua"},"content":{"rendered":"<p>O prefeito de Montes Claros, Ruy Muniz, realizou, na tarde desta segunda-feira (10), uma coletiva de imprensa na qual anunciou a assinatura do projeto de lei para a cria\u00e7\u00e3o da Ag\u00eancia Municipal de \u00c1gua, Saneamento B\u00e1sico e Energia da cidade (AMASB).<\/p>\n<p><img decoding=\"async\" src=\"http:\/\/aconteceunovale.com.br\/portal\/wp-content\/uploads\/2014\/02\/ruy_muniz_cria_agmas.jpg\" alt=\"\" \/><br \/>\n<em><strong>Prefeito Ruy Muniz assina projeto de lei referente a cria\u00e7\u00e3o do Amasb. (Foto: Alexandre Fonseca)<\/strong><\/em><\/p>\n<p>O projeto ser\u00e1 levado agora para a C\u00e2mara Municipal. A AMASB  dever\u00e1 fiscalizar alguns \u00f3rg\u00e3os prestadores de servi\u00e7os a cidade.<\/p>\n<p>\u201cEssa \u00e9 a ag\u00eancia que vai fiscalizar e acompanhar o trabalho da Copasa, Cemig, Empresa Municipal de Servi\u00e7os, Obras e Urbaniza\u00e7\u00e3o (Esurb) e a Secretaria de Servi\u00e7os Urbanos\u201d, explicou Muniz.<\/p>\n<p>De acordo com o gestor, Montes Claros contar\u00e1 com uma autarquia equivalente a Ag\u00eancia Nacional de \u00c1guas (ANA).<\/p>\n<p>Tamb\u00e9m durante a coletiva desta segunda-feira, o prefeito anunicou tamb\u00e9m a desapropria\u00e7\u00e3o do est\u00e1dio Jo\u00e3o Rebelo, Campo do Ateneu, localizado no bairro S\u00e3o Jos\u00e9.<\/p>\n<p><em>(Inter TV Grande Minas)<\/em><\/p>\n","protected":false},"excerpt":{"rendered":"<p>O prefeito de Montes Claros, Ruy Muniz, realizou, na tarde desta segunda-feira (10), uma coletiva de imprensa na qual anunciou a assinatura do projeto de lei para a cria\u00e7\u00e3o da Ag\u00eancia Municipal de \u00c1gua, Saneamento B\u00e1sico e Energia da cidade (AMASB). Prefeito Ruy Muniz assina projeto de lei referente a cria\u00e7\u00e3o do Amasb. (Foto: Alexandre [&hellip;]<\/p>\n","protected":false},"author":1,"featured_media":20954,"comment_status":"open","ping_status":"closed","sticky":false,"template":"","format":"standard","meta":{"amp_status":"","footnotes":""},"categories":[1236],"tags":[4128,210,4127],"class_list":["post-20953","post","type-post","status-publish","format-standard","has-post-thumbnail","hentry","category-norte_de_minas","tag-agencia-municipal-da-agua-de-montes-claros","tag-montes-claros","tag-prefeito-de-montes-claros-assina-projeto-para-criacao-de-agencia-municipal-de-agua"],"_links":{"self":[{"href":"https:\/\/aconteceunovale.com.br\/portal\/index.php?rest_route=\/wp\/v2\/posts\/20953","targetHints":{"allow":["GET"]}}],"collection":[{"href":"https:\/\/aconteceunovale.com.br\/portal\/index.php?rest_route=\/wp\/v2\/posts"}],"about":[{"href":"https:\/\/aconteceunovale.com.br\/portal\/index.php?rest_route=\/wp\/v2\/types\/post"}],"author":[{"embeddable":true,"href":"https:\/\/aconteceunovale.com.br\/portal\/index.php?rest_route=\/wp\/v2\/users\/1"}],"replies":[{"embeddable":true,"href":"https:\/\/aconteceunovale.com.br\/portal\/index.php?rest_route=%2Fwp%2Fv2%2Fcomments&post=20953"}],"version-history":[{"count":0,"href":"https:\/\/aconteceunovale.com.br\/portal\/index.php?rest_route=\/wp\/v2\/posts\/20953\/revisions"}],"wp:featuredmedia":[{"embeddable":true,"href":"https:\/\/aconteceunovale.com.br\/portal\/index.php?rest_route=\/wp\/v2\/media\/20954"}],"wp:attachment":[{"href":"https:\/\/aconteceunovale.com.br\/portal\/index.php?rest_route=%2Fwp%2Fv2%2Fmedia&parent=20953"}],"wp:term":[{"taxonomy":"category","embeddable":true,"href":"https:\/\/aconteceunovale.com.br\/portal\/index.php?rest_route=%2Fwp%2Fv2%2Fcategories&post=20953"},{"taxonomy":"post_tag","embeddable":true,"href":"https:\/\/aconteceunovale.com.br\/portal\/index.php?rest_route=%2Fwp%2Fv2%2Ftags&post=20953"}],"curies":[{"name":"wp","href":"https:\/\/api.w.org\/{rel}","templated":true}]}}