{"id":20950,"date":"2014-02-10T21:59:03","date_gmt":"2014-02-10T23:59:03","guid":{"rendered":"http:\/\/aconteceunovale.com.br\/portal\/?p=20950"},"modified":"2014-02-10T21:59:03","modified_gmt":"2014-02-10T23:59:03","slug":"policia-civil-de-montes-claros-apresenta-foragido-da-justica","status":"publish","type":"post","link":"https:\/\/aconteceunovale.com.br\/portal\/?p=20950","title":{"rendered":"Pol\u00edcia Civil de Montes Claros apresenta foragido da justi\u00e7a"},"content":{"rendered":"<p>A Pol\u00edcia Civil de Montes apresentou nesta segunda-feira (10), na 11\u00aa Regi\u00e3o Integrada de Seguran\u00e7a P\u00fablica, no bairro Ibituruna, Paulo Cezar Martins Antunes Junior, de 31 anos, que foi preso pela opera\u00e7\u00e3o \u201cSem Fronteiras\u201d na sexta-feira (7). Paulo tinha em aberto dois mandados de pris\u00e3o, sendo um preventivo e outro tempor\u00e1rio.<\/p>\n<p><img decoding=\"async\" src=\"http:\/\/aconteceunovale.com.br\/portal\/wp-content\/uploads\/2014\/02\/gerente_do_trafico_em_minas.jpg\" alt=\"\" \/><br \/>\n<em><strong>Paulo Cezar Martins Antunes Junior era foragido da opera\u00e7\u00e3o &#8220;Sem Fronteiras&#8221; (Foto: Alexandre Fonseca)<\/strong><\/em><\/p>\n<p>\u201cEle gerenciava boa parte do tr\u00e1fico da quadrilha que foi desmantelada em setembro de 2013. Agora ele ser\u00e1 interrogado pela Pol\u00edcia Civil com a expectativa de obter mais informa\u00e7\u00f5es da sua participa\u00e7\u00e3o nessa quadrilha especializada na venda de drogas\u201d, comenta o delegado Jurandir Rodrigues C\u00e9sar Filho.<\/p>\n<p>Ainda segundo o delegado, o Paulo Cezar \u00e9 suspeito de homic\u00eddio e  seria o bra\u00e7o direto de um dos principais traficantes da cidade, Igor Perigo, que foi preso no Paran\u00e1 durante a opera\u00e7\u00e3o.<\/p>\n<p>Paulo Cezar seria ainda respons\u00e1vel por gerenciar, vender e cobrar as d\u00edvidas referentes ao tr\u00e1fico de drogas.<\/p>\n<p>\u2018Sem Fronteiras\u2019 foi deflagrada pela PC de Montes Claros em setembro de 2013, opera\u00e7\u00e3o que resultou na pris\u00e3o de 48 pessoas envolvidas com o tr\u00e1fico de entorpecentes. Conforme o delegado, 5 pessoas ainda encontram-se foragidas.<\/p>\n<p><em>(Fonte: Inter TV Grande Minas)<\/em><\/p>\n","protected":false},"excerpt":{"rendered":"<p>A Pol\u00edcia Civil de Montes apresentou nesta segunda-feira (10), na 11\u00aa Regi\u00e3o Integrada de Seguran\u00e7a P\u00fablica, no bairro Ibituruna, Paulo Cezar Martins Antunes Junior, de 31 anos, que foi preso pela opera\u00e7\u00e3o \u201cSem Fronteiras\u201d na sexta-feira (7). Paulo tinha em aberto dois mandados de pris\u00e3o, sendo um preventivo e outro tempor\u00e1rio. Paulo Cezar Martins Antunes [&hellip;]<\/p>\n","protected":false},"author":1,"featured_media":20951,"comment_status":"open","ping_status":"closed","sticky":false,"template":"","format":"standard","meta":{"amp_status":"","footnotes":""},"categories":[1236],"tags":[210,4126,4125],"class_list":["post-20950","post","type-post","status-publish","format-standard","has-post-thumbnail","hentry","category-norte_de_minas","tag-montes-claros","tag-paulo-cezar-martins-antunes-junior","tag-policia-civil-de-montes-claros-apresenta-foragido-da-justica"],"_links":{"self":[{"href":"https:\/\/aconteceunovale.com.br\/portal\/index.php?rest_route=\/wp\/v2\/posts\/20950","targetHints":{"allow":["GET"]}}],"collection":[{"href":"https:\/\/aconteceunovale.com.br\/portal\/index.php?rest_route=\/wp\/v2\/posts"}],"about":[{"href":"https:\/\/aconteceunovale.com.br\/portal\/index.php?rest_route=\/wp\/v2\/types\/post"}],"author":[{"embeddable":true,"href":"https:\/\/aconteceunovale.com.br\/portal\/index.php?rest_route=\/wp\/v2\/users\/1"}],"replies":[{"embeddable":true,"href":"https:\/\/aconteceunovale.com.br\/portal\/index.php?rest_route=%2Fwp%2Fv2%2Fcomments&post=20950"}],"version-history":[{"count":0,"href":"https:\/\/aconteceunovale.com.br\/portal\/index.php?rest_route=\/wp\/v2\/posts\/20950\/revisions"}],"wp:featuredmedia":[{"embeddable":true,"href":"https:\/\/aconteceunovale.com.br\/portal\/index.php?rest_route=\/wp\/v2\/media\/20951"}],"wp:attachment":[{"href":"https:\/\/aconteceunovale.com.br\/portal\/index.php?rest_route=%2Fwp%2Fv2%2Fmedia&parent=20950"}],"wp:term":[{"taxonomy":"category","embeddable":true,"href":"https:\/\/aconteceunovale.com.br\/portal\/index.php?rest_route=%2Fwp%2Fv2%2Fcategories&post=20950"},{"taxonomy":"post_tag","embeddable":true,"href":"https:\/\/aconteceunovale.com.br\/portal\/index.php?rest_route=%2Fwp%2Fv2%2Ftags&post=20950"}],"curies":[{"name":"wp","href":"https:\/\/api.w.org\/{rel}","templated":true}]}}