{"id":20944,"date":"2014-02-10T21:43:59","date_gmt":"2014-02-10T23:43:59","guid":{"rendered":"http:\/\/aconteceunovale.com.br\/portal\/?p=20944"},"modified":"2014-02-10T21:43:59","modified_gmt":"2014-02-10T23:43:59","slug":"delegacia-regional-da-policia-civil-muda-de-endereco-em-valadares","status":"publish","type":"post","link":"https:\/\/aconteceunovale.com.br\/portal\/?p=20944","title":{"rendered":"Delegacia Regional da Pol\u00edcia Civil muda de endere\u00e7o em Valadares"},"content":{"rendered":"<p>A Delegacia da Pol\u00edcia Civil de Governador Valadares, no Leste de Minas Gerais, passar\u00e1 a funcionar em novo endere\u00e7o a partir desta ter\u00e7a-feira (11). Os servi\u00e7os da delegacia funcionavam na Rua Israel Pinheiro, no Bairro Nossa Senhora de Lourdes, com a mudan\u00e7a, a delegacia permanece na mesma Rua, por\u00e9m, no Centro de Valadares, no n\u00famero 3.075.<\/p>\n<p><img decoding=\"async\" src=\"http:\/\/aconteceunovale.com.br\/portal\/wp-content\/uploads\/2014\/02\/delegacia_gv_muda_endereco.jpg\" alt=\"\" \/><br \/>\n<em><strong>Delegacia passa a funcionar no Centro de Valadares, na Rua Israel Pinheiro, n\u00famero 3.075. (Foto: Divulga\u00e7\u00e3o Pol\u00edcia Civil)<\/strong><\/em><\/p>\n<p>A antiga sede passar\u00e1 por reforma, para atender ao novo padr\u00e3o de Delegacia Modelo proposto pelo Governo do Estado. A previs\u00e3o \u00e9 de que a reforma dure um ano. \u201cNas adapta\u00e7\u00f5es previstas, al\u00e9m de uma din\u00e2mica na proposta de execu\u00e7\u00e3o dos servi\u00e7os policiais, a nova estrutura proporcionar\u00e1 atendimento adequado para pessoas portadoras de necessidades especiais\u201d, explicada a delegada Luzinete Maria de S\u00e1.<\/p>\n<p>Durante o processo de reforma, a delegacia, no Centro de Valadares, acomodar\u00e1 os setores das delegacias de Crimes contra a Vida (homic\u00eddio), Especializadas Anti-Droga, Posto de Pericia, Plant\u00e3o e a Inspetoria Geral.<\/p>\n<p>Os setores relacionados ao tr\u00e2nsito e a Circunscri\u00e7\u00e3o Regional de Tr\u00e2nsito (Ciretran) continuar\u00e3o atendendo na Avenida JK, n\u00famero 620, no Bairro Vila Bretas at\u00e9 o m\u00eas abril. Ap\u00f3s este per\u00edodo, o local tamb\u00e9m passar\u00e1 por uma realoca\u00e7\u00e3o com a proposta de centralizar todos os servi\u00e7os oferecidos pela Pol\u00edcia Civil.<\/p>\n<p>\u201cA Pol\u00edcia Civil est\u00e1 passando por um processo de adequa\u00e7\u00e3o. Investimentos v\u00eam ocorrendo com o objetivo de prestar um melhor atendimento para a comunidade valadarense, e para isto alguns transtornos se apresentar\u00e3o, mas na busca de uma melhor alternativa\u201d, diz a delegada.<\/p>\n<p>Ainda de acordo com a Pol\u00edcia Civil, mais de 20 im\u00f3veis foram avaliados at\u00e9 a escolha do pr\u00e9dio na regi\u00e3o central de Valadares. \u201c\u00c9 de conhecimento que o novo pr\u00e9dio fica localizado numa rua com muito movimento. Foram avaliadas edifica\u00e7\u00f5es em bairros mais afastados, mas pensando numa situa\u00e7\u00e3o em que as pessoas teriam um acesso mais r\u00e1pido e pr\u00e1tico, foi escolhido o Centro da cidade\u201d, disse a Delegada Regional, Luzinete Maria de S\u00e1.<\/p>\n<p><em>(Via Inter TV dos Vales)<\/em><\/p>\n","protected":false},"excerpt":{"rendered":"<p>A Delegacia da Pol\u00edcia Civil de Governador Valadares, no Leste de Minas Gerais, passar\u00e1 a funcionar em novo endere\u00e7o a partir desta ter\u00e7a-feira (11). Os servi\u00e7os da delegacia funcionavam na Rua Israel Pinheiro, no Bairro Nossa Senhora de Lourdes, com a mudan\u00e7a, a delegacia permanece na mesma Rua, por\u00e9m, no Centro de Valadares, no n\u00famero [&hellip;]<\/p>\n","protected":false},"author":1,"featured_media":20945,"comment_status":"open","ping_status":"closed","sticky":false,"template":"","format":"standard","meta":{"amp_status":"","footnotes":""},"categories":[121],"tags":[4120,247],"class_list":["post-20944","post","type-post","status-publish","format-standard","has-post-thumbnail","hentry","category-leste","tag-delegacia-regional-da-policia-civil-muda-de-endereco-em-valadares","tag-governador-valadares"],"_links":{"self":[{"href":"https:\/\/aconteceunovale.com.br\/portal\/index.php?rest_route=\/wp\/v2\/posts\/20944","targetHints":{"allow":["GET"]}}],"collection":[{"href":"https:\/\/aconteceunovale.com.br\/portal\/index.php?rest_route=\/wp\/v2\/posts"}],"about":[{"href":"https:\/\/aconteceunovale.com.br\/portal\/index.php?rest_route=\/wp\/v2\/types\/post"}],"author":[{"embeddable":true,"href":"https:\/\/aconteceunovale.com.br\/portal\/index.php?rest_route=\/wp\/v2\/users\/1"}],"replies":[{"embeddable":true,"href":"https:\/\/aconteceunovale.com.br\/portal\/index.php?rest_route=%2Fwp%2Fv2%2Fcomments&post=20944"}],"version-history":[{"count":0,"href":"https:\/\/aconteceunovale.com.br\/portal\/index.php?rest_route=\/wp\/v2\/posts\/20944\/revisions"}],"wp:featuredmedia":[{"embeddable":true,"href":"https:\/\/aconteceunovale.com.br\/portal\/index.php?rest_route=\/wp\/v2\/media\/20945"}],"wp:attachment":[{"href":"https:\/\/aconteceunovale.com.br\/portal\/index.php?rest_route=%2Fwp%2Fv2%2Fmedia&parent=20944"}],"wp:term":[{"taxonomy":"category","embeddable":true,"href":"https:\/\/aconteceunovale.com.br\/portal\/index.php?rest_route=%2Fwp%2Fv2%2Fcategories&post=20944"},{"taxonomy":"post_tag","embeddable":true,"href":"https:\/\/aconteceunovale.com.br\/portal\/index.php?rest_route=%2Fwp%2Fv2%2Ftags&post=20944"}],"curies":[{"name":"wp","href":"https:\/\/api.w.org\/{rel}","templated":true}]}}