{"id":20749,"date":"2014-02-08T12:47:28","date_gmt":"2014-02-08T14:47:28","guid":{"rendered":"http:\/\/aconteceunovale.com.br\/portal\/?p=20749"},"modified":"2014-02-08T12:47:28","modified_gmt":"2014-02-08T14:47:28","slug":"inscricoes-abertas-para-cursos-do-pronatec-2014-no-polo-capelinha","status":"publish","type":"post","link":"https:\/\/aconteceunovale.com.br\/portal\/?p=20749","title":{"rendered":"Inscri\u00e7\u00f5es abertas para cursos do PRONATEC 2014 no Polo Capelinha"},"content":{"rendered":"<p>Est\u00e3o abertas, at\u00e9 o dia 18 de fevereiro, as inscri\u00e7\u00f5es para o PRONATEC 2014 na modalidade &#8220;concomitante ensino m\u00e9dio&#8221;, ou seja, apenas para estudantes que estejam cursando o ensino m\u00e9dio (qualquer s\u00e9rie) em escola p\u00fablica. Ap\u00f3s esta data, caso haja vaga remanescente, ser\u00e3o abertas inscri\u00e7\u00f5es para estudantes que estejam cursando o ensino m\u00e9dio em escolas particulares.<\/p>\n<p>A inscri\u00e7\u00e3o dever\u00e1 ser feita EXCLUSIVAMENTE pela Internet, no endere\u00e7o: <a href=\"http:\/\/www.pronatecminas.com.br\" target=\"_blank\">www.pronatecminas.com.br<\/a>. A sele\u00e7\u00e3o dos alunos ser\u00e1 feita atrav\u00e9s de um sorteio p\u00fablico a ser realizado \u00e0s 14h do dia 20 de fevereiro, na Secretaria de Estado da Educa\u00e7\u00e3o de Minas Gerais, no Centro Administrativo, em Belo Horizonte.<\/p>\n<p>No caso de Capelinha, os cursos ser\u00e3o ofertados pelo Col\u00e9gio T\u00e9cnico da Universidade Federal de Minas Gerais (COLTEC-UFMG), em pactua\u00e7\u00e3o com a Prefeitura Municipal de Capelinha, por meio da Secretaria Municipal de Educa\u00e7\u00e3o. As aulas est\u00e3o previstas para come\u00e7ar em 12 de maio.<\/p>\n<p><strong>Cursos t\u00e9cnicos concomitantes (apenas para alunos que estejam cursando o ensino m\u00e9dio em escola p\u00fablica regular) com inscri\u00e7\u00f5es abertas para o POLO CAPELINHA PRONATEC\/COLTEC-UFMG:<\/strong><\/p>\n<p><strong>T\u00c9CNICO EM ENFERMAGEM<\/strong><br \/>\n\u00c1rea &#8211; Eixo Tem\u00e1tico: Ambiente e Sa\u00fade<br \/>\nAtua na promo\u00e7\u00e3o, preven\u00e7\u00e3o, recupera\u00e7\u00e3o e reabilita\u00e7\u00e3o dos processos sa\u00fade-doen\u00e7a. Colabora com o atendimento das necessidades de sa\u00fade dos pacientes e comunidade, em todas as faixas et\u00e1rias. Promove a\u00e7\u00f5es de orienta\u00e7\u00e3o e preparo do paciente para exames. Realiza cuidados de enfermagem tais como: curativos, administra\u00e7\u00e3o de medicamentos e vacinas, nebuliza\u00e7\u00f5es, banho de leito, mensura\u00e7\u00e3o antropom\u00e9trica e verifica\u00e7\u00e3o de sinais vitais, dentre outros. Presta assist\u00eancia de enfermagem a pacientes cl\u00ednicos e cir\u00fargicos.<br \/>\nVagas: 30<br \/>\nCarga Hor\u00e1ria: 1.440 horas\/aula<br \/>\nTurno: noturno<br \/>\nLocal: a definir<br \/>\nIn\u00edcio das aulas: a partir de 12\/05\/2014<\/p>\n<p><strong>T\u00c9CNICO EM EST\u00c9TICA<\/strong><br \/>\n\u00c1rea &#8211; Eixo Tem\u00e1tico: Ambiente e Sa\u00fade<br \/>\nTrata do embelezamento, promo\u00e7\u00e3o, prote\u00e7\u00e3o, manuten\u00e7\u00e3o e recupera\u00e7\u00e3o est\u00e9tica da pele. Seleciona e aplica procedimentos e recursos est\u00e9ticos utilizando produtos cosm\u00e9ticos, t\u00e9cnicas e equipamentos espec\u00edficos, de acordo com as caracter\u00edsticas e necessidades do cliente. Utiliza t\u00e9cnicas de atendimento ao cliente orientando-o sobre a\u00e7\u00f5es de prote\u00e7\u00e3o \u00e0 sa\u00fade cut\u00e2nea.<br \/>\nVagas: 30<br \/>\nCarga Hor\u00e1ria: 1.440 horas\/aula<br \/>\nTurno: noturno<br \/>\nLocal: a definir<br \/>\nIn\u00edcio das aulas: a partir de 12\/05\/2014<\/p>\n<p><strong>T\u00c9CNICO EM EVENTOS<\/strong><br \/>\n\u00c1rea &#8211; Eixo Tem\u00e1tico: Turismo, Hospitalidade e Lazer<br \/>\nAuxilia e atua na prospec\u00e7\u00e3o, no planejamento, na organiza\u00e7\u00e3o, na coordena\u00e7\u00e3o e na execu\u00e7\u00e3o dos servi\u00e7os de apoio t\u00e9cnico e log\u00edstico de eventos e cerimoniais, utilizando o protocolo e etiqueta formal. Realiza procedimentos administrativos e operacionais relativos a eventos. Recepciona e promove servi\u00e7os de eventos. Planeja e participa da confec\u00e7\u00e3o de ornamentos decorativos. Coordena o armazenamento e manuseio de g\u00eaneros aliment\u00edcios servidos em eventos.<br \/>\nVagas: 30<br \/>\nCarga Hor\u00e1ria: 960 horas\/aula<br \/>\nTurno: noturno<br \/>\nLocal: a definir<br \/>\nIn\u00edcio das aulas: a partir de 12\/05\/2014<\/p>\n<p><strong>T\u00c9CNICO EM REDES DE COMPUTADORES<\/strong><br \/>\n\u00c1rea &#8211; Eixo Tem\u00e1tico: Informa\u00e7\u00e3o e Comunica\u00e7\u00e3o<br \/>\nInstala e configura dispositivos de comunica\u00e7\u00e3o digital e softwares em equipamentos de rede. Executa diagn\u00f3stico e corrige falhas em redes de computadores. Prepara, instala e mantem cabeamentos de redes. Configura acessos de usu\u00e1rios em redes de computadores. Configura servi\u00e7os de rede, tais como firewall, servidores web, correio eletr\u00f4nico, servidores de not\u00edcias. Implementa recursos de seguran\u00e7a em redes de computadores.<br \/>\nVagas: 30<br \/>\nCarga Hor\u00e1ria: 1.200 horas\/aula<br \/>\nTurno: noturno<br \/>\nLocal: a definir<br \/>\nIn\u00edcio das aulas: a partir de 12\/05\/2014<\/p>\n<p><strong>T\u00c9CNICO EM EDIFICA\u00c7\u00d5ES<\/strong><br \/>\n\u00c1rea &#8211; Eixo Tem\u00e1tico: Infraestrutura<br \/>\nDesenvolve e executa projetos de edifica\u00e7\u00f5es conforme normas t\u00e9cnicas de seguran\u00e7a e de acordo com legisla\u00e7\u00e3o espec\u00edfica. Planeja a execu\u00e7\u00e3o e elabora or\u00e7amento de obras. Presta assist\u00eancia t\u00e9cnica no estudo e desenvolvimento de projetos e pesquisas tecnol\u00f3gicas na \u00e1rea de edifica\u00e7\u00f5es. Orienta e coordena a execu\u00e7\u00e3o de servi\u00e7os de manuten\u00e7\u00e3o de equipamentos e de instala\u00e7\u00f5es em edifica\u00e7\u00f5es. Orienta na assist\u00eancia t\u00e9cnica para compra, venda e utiliza\u00e7\u00e3o de produtos e equipamentos especializados.<br \/>\nVagas: 30<br \/>\nCarga Hor\u00e1ria: 1.440 horas\/aula<br \/>\nTurno: noturno<br \/>\nLocal: a definir<br \/>\nIn\u00edcio das aulas: a partir de 12\/05\/2014<\/p>\n<p><strong>T\u00c9CNICO EM ALIMENTOS<\/strong><br \/>\n\u00c1rea &#8211; Eixo Tem\u00e1tico: Produ\u00e7\u00e3o Aliment\u00edcia<br \/>\nAtua no processamento e conserva\u00e7\u00e3o de mat\u00e9rias-primas, produtos e subprodutos da ind\u00fastria aliment\u00edcia e de bebidas, realizando an\u00e1lises f\u00edsicoqu\u00edmicas, microbiol\u00f3gicas e sensoriais. Auxilia no planejamento, coordena\u00e7\u00e3o e controle de atividades do setor. Realiza a sanitiza\u00e7\u00e3o das ind\u00fastrias aliment\u00edcias e de bebidas. Controla e corrige desvios nos processos manuais e automatizados. Acompanha a manuten\u00e7\u00e3o de equipamentos. Participa do desenvolvimento de novos produtos e processos.<br \/>\nVagas: 30<br \/>\nCarga Hor\u00e1ria: 1.440 horas\/aula<br \/>\nTurno: noturno<br \/>\nLocal: a definir<br \/>\nIn\u00edcio das aulas: a partir de 12\/05\/2014<\/p>\n<p><strong>T\u00c9CNICO EM SEGURAN\u00c7A DO TRABALHO<\/strong><br \/>\n\u00c1rea &#8211; Eixo Tem\u00e1tico: Seguran\u00e7a<br \/>\nAtua em a\u00e7\u00f5es prevencionistas nos processos produtivos com aux\u00edlio de m\u00e9todos e t\u00e9cnicas de identifica\u00e7\u00e3o, avalia\u00e7\u00e3o e medidas de controle de riscos ambientais de acordo com normas regulamentadoras e princ\u00edpios de higiene e sa\u00fade do trabalho. Desenvolve a\u00e7\u00f5es educativas na \u00e1rea de sa\u00fade e seguran\u00e7a do trabalho. Orienta o uso de EPI e EPC. Coleta e organiza informa\u00e7\u00f5es de sa\u00fade e de seguran\u00e7a no trabalho. Executa o PPRA. Investiga, analisa acidentes e recomenda medidas de preven\u00e7\u00e3o e controle.<br \/>\nVagas: 30<br \/>\nCarga Hor\u00e1ria: 1.440 horas\/aula<br \/>\nTurno: noturno<br \/>\nLocal: a definir<br \/>\nIn\u00edcio das aulas: a partir de 12\/05\/2014<\/p>\n<p><img decoding=\"async\" src=\"http:\/\/aconteceunovale.com.br\/portal\/wp-content\/uploads\/2013\/12\/pronatec.jpg\" alt=\"\" \/><\/p>\n<p><em>(Via Jornal Acontece Regional)<\/em><\/p>\n","protected":false},"excerpt":{"rendered":"<p>Est\u00e3o abertas, at\u00e9 o dia 18 de fevereiro, as inscri\u00e7\u00f5es para o PRONATEC 2014 na modalidade &#8220;concomitante ensino m\u00e9dio&#8221;, ou seja, apenas para estudantes que estejam cursando o ensino m\u00e9dio (qualquer s\u00e9rie) em escola p\u00fablica. Ap\u00f3s esta data, caso haja vaga remanescente, ser\u00e3o abertas inscri\u00e7\u00f5es para estudantes que estejam cursando o ensino m\u00e9dio em escolas [&hellip;]<\/p>\n","protected":false},"author":1,"featured_media":0,"comment_status":"open","ping_status":"closed","sticky":false,"template":"","format":"standard","meta":{"amp_status":"","footnotes":""},"categories":[120],"tags":[132,4038,4037,1296],"class_list":["post-20749","post","type-post","status-publish","format-standard","hentry","category-jequi","tag-capelinha","tag-cursos-do-pronatec-em-capelinha","tag-inscricoes-abertas-para-cursos-do-pronatec-2014-no-polo-capelinha","tag-pronatec"],"_links":{"self":[{"href":"https:\/\/aconteceunovale.com.br\/portal\/index.php?rest_route=\/wp\/v2\/posts\/20749","targetHints":{"allow":["GET"]}}],"collection":[{"href":"https:\/\/aconteceunovale.com.br\/portal\/index.php?rest_route=\/wp\/v2\/posts"}],"about":[{"href":"https:\/\/aconteceunovale.com.br\/portal\/index.php?rest_route=\/wp\/v2\/types\/post"}],"author":[{"embeddable":true,"href":"https:\/\/aconteceunovale.com.br\/portal\/index.php?rest_route=\/wp\/v2\/users\/1"}],"replies":[{"embeddable":true,"href":"https:\/\/aconteceunovale.com.br\/portal\/index.php?rest_route=%2Fwp%2Fv2%2Fcomments&post=20749"}],"version-history":[{"count":0,"href":"https:\/\/aconteceunovale.com.br\/portal\/index.php?rest_route=\/wp\/v2\/posts\/20749\/revisions"}],"wp:attachment":[{"href":"https:\/\/aconteceunovale.com.br\/portal\/index.php?rest_route=%2Fwp%2Fv2%2Fmedia&parent=20749"}],"wp:term":[{"taxonomy":"category","embeddable":true,"href":"https:\/\/aconteceunovale.com.br\/portal\/index.php?rest_route=%2Fwp%2Fv2%2Fcategories&post=20749"},{"taxonomy":"post_tag","embeddable":true,"href":"https:\/\/aconteceunovale.com.br\/portal\/index.php?rest_route=%2Fwp%2Fv2%2Ftags&post=20749"}],"curies":[{"name":"wp","href":"https:\/\/api.w.org\/{rel}","templated":true}]}}