{"id":20730,"date":"2014-02-08T10:51:27","date_gmt":"2014-02-08T12:51:27","guid":{"rendered":"http:\/\/aconteceunovale.com.br\/portal\/?p=20730"},"modified":"2014-02-08T12:40:25","modified_gmt":"2014-02-08T14:40:25","slug":"onibus-pega-fogo-no-centro-de-malacacheta","status":"publish","type":"post","link":"https:\/\/aconteceunovale.com.br\/portal\/?p=20730","title":{"rendered":"\u00d4nibus pega fogo no Centro de Malacacheta"},"content":{"rendered":"<p><strong><em>(REDA\u00c7\u00c3O ACONTECEU NO VALE &#8211; Rep\u00f3rter: Andr\u00e9 Tameir\u00e3o\/L\u00e9o Silva)<\/em><\/strong><\/p>\n<p>Um \u00f4nibus de turismo pegou fogo na manh\u00e3 deste s\u00e1bado (08\/02) na regi\u00e3o central de Malacacheta, no Vale do Mucuri.<\/p>\n<p><img decoding=\"async\" src=\"http:\/\/aconteceunovale.com.br\/portal\/wp-content\/uploads\/2014\/02\/onibus_pega_fogo_em_malacacheta_2.jpg\" alt=\"\" \/><\/p>\n<p>Segundo informa\u00e7\u00f5es, o ve\u00edculo foi apreendido pela Pol\u00edcia Militar do Tr\u00e2nsito e estava estacionado nas proximidades da Pra\u00e7a da Matriz, j\u00e1 que a cidade n\u00e3o possui p\u00e1tio do Detran.<\/p>\n<p>Neste s\u00e1bado, por volta das 7 horas da manh\u00e3, o ve\u00edculo foi flagrado em chamas pela nossa reportagem.<\/p>\n<p>A Pol\u00edcia Militar esteve no local e isolou a \u00e1rea.<\/p>\n<p>As causas do inc\u00eandio ainda est\u00e3o sendo apuradas.<\/p>\n<p><img decoding=\"async\" src=\"http:\/\/aconteceunovale.com.br\/portal\/wp-content\/uploads\/2014\/02\/onibus_pega_fogo_em_malacacheta_1.jpg\" alt=\"\" \/><br \/>\n<img decoding=\"async\" src=\"http:\/\/aconteceunovale.com.br\/portal\/wp-content\/uploads\/2014\/02\/onibus_pega_fogo_em_malacacheta_3.jpg\" alt=\"\" \/><br \/>\n<img decoding=\"async\" src=\"http:\/\/aconteceunovale.com.br\/portal\/wp-content\/uploads\/2014\/02\/onibus_pega_fogo_em_malacacheta_4.jpg\" alt=\"\" \/><br \/>\n<img decoding=\"async\" src=\"http:\/\/aconteceunovale.com.br\/portal\/wp-content\/uploads\/2014\/02\/onibus_pega_fogo_em_malacacheta_5.jpg\" alt=\"\" \/><br \/>\n<img decoding=\"async\" src=\"http:\/\/aconteceunovale.com.br\/portal\/wp-content\/uploads\/2014\/02\/onibus_pega_fogo_em_malacacheta_6.jpg\" alt=\"\" \/><\/p>\n","protected":false},"excerpt":{"rendered":"<p>(REDA\u00c7\u00c3O ACONTECEU NO VALE &#8211; Rep\u00f3rter: Andr\u00e9 Tameir\u00e3o\/L\u00e9o Silva) Um \u00f4nibus de turismo pegou fogo na manh\u00e3 deste s\u00e1bado (08\/02) na regi\u00e3o central de Malacacheta, no Vale do Mucuri. Segundo informa\u00e7\u00f5es, o ve\u00edculo foi apreendido pela Pol\u00edcia Militar do Tr\u00e2nsito e estava estacionado nas proximidades da Pra\u00e7a da Matriz, j\u00e1 que a cidade n\u00e3o possui [&hellip;]<\/p>\n","protected":false},"author":1,"featured_media":20735,"comment_status":"open","ping_status":"closed","sticky":false,"template":"","format":"standard","meta":{"amp_status":"","footnotes":""},"categories":[122],"tags":[226,4033],"class_list":["post-20730","post","type-post","status-publish","format-standard","has-post-thumbnail","hentry","category-mucuri","tag-malacacheta","tag-onibus-pega-fogo-no-centro-de-malacacheta"],"_links":{"self":[{"href":"https:\/\/aconteceunovale.com.br\/portal\/index.php?rest_route=\/wp\/v2\/posts\/20730","targetHints":{"allow":["GET"]}}],"collection":[{"href":"https:\/\/aconteceunovale.com.br\/portal\/index.php?rest_route=\/wp\/v2\/posts"}],"about":[{"href":"https:\/\/aconteceunovale.com.br\/portal\/index.php?rest_route=\/wp\/v2\/types\/post"}],"author":[{"embeddable":true,"href":"https:\/\/aconteceunovale.com.br\/portal\/index.php?rest_route=\/wp\/v2\/users\/1"}],"replies":[{"embeddable":true,"href":"https:\/\/aconteceunovale.com.br\/portal\/index.php?rest_route=%2Fwp%2Fv2%2Fcomments&post=20730"}],"version-history":[{"count":0,"href":"https:\/\/aconteceunovale.com.br\/portal\/index.php?rest_route=\/wp\/v2\/posts\/20730\/revisions"}],"wp:featuredmedia":[{"embeddable":true,"href":"https:\/\/aconteceunovale.com.br\/portal\/index.php?rest_route=\/wp\/v2\/media\/20735"}],"wp:attachment":[{"href":"https:\/\/aconteceunovale.com.br\/portal\/index.php?rest_route=%2Fwp%2Fv2%2Fmedia&parent=20730"}],"wp:term":[{"taxonomy":"category","embeddable":true,"href":"https:\/\/aconteceunovale.com.br\/portal\/index.php?rest_route=%2Fwp%2Fv2%2Fcategories&post=20730"},{"taxonomy":"post_tag","embeddable":true,"href":"https:\/\/aconteceunovale.com.br\/portal\/index.php?rest_route=%2Fwp%2Fv2%2Ftags&post=20730"}],"curies":[{"name":"wp","href":"https:\/\/api.w.org\/{rel}","templated":true}]}}