{"id":20677,"date":"2014-02-07T15:51:22","date_gmt":"2014-02-07T17:51:22","guid":{"rendered":"http:\/\/aconteceunovale.com.br\/portal\/?p=20677"},"modified":"2014-02-07T15:51:22","modified_gmt":"2014-02-07T17:51:22","slug":"familias-insistem-em-nao-sair-de-imoveis-do-minha-casa-minha-vida-em-montes-claros","status":"publish","type":"post","link":"https:\/\/aconteceunovale.com.br\/portal\/?p=20677","title":{"rendered":"Fam\u00edlias insistem em n\u00e3o sair de im\u00f3veis do Minha Casa Minha Vida em Montes Claros"},"content":{"rendered":"<p>Funcion\u00e1rios da Caixa Econ\u00f4mica Federal  estiveram novamente no conjunto habitacional Recanto das \u00c1guas, em Montes Claros (MG), nesta sexta-feira (7), para conversarem com as fam\u00edlias que ocuparam irregularmente as casas destinados ao \u201cMinha Casa Minha Vida\u201d. A inten\u00e7\u00e3o era fazer uma segunda tentativa para que as moradias fossem desocupadas pacificamente.<\/p>\n<p><img decoding=\"async\" src=\"http:\/\/aconteceunovale.com.br\/portal\/wp-content\/uploads\/2014\/02\/imparce_caixa_ocupantes_moc_07_02.jpg\" alt=\"\" \/><br \/>\n<em>Policiais e funcion\u00e1rio da Caixa com os ocupantes (Foto: Michelly Oda)<\/em><\/p>\n<p>Na quarta-feira (5), oficias de Justi\u00e7a estiveram no local notificando os moradores e deram prazo de 48h para que as casas fossem desocupadas.<\/p>\n<p>Antes dos funcion\u00e1rios da Caixa chegaram ao condom\u00ecmio, a Pol\u00edcia Militar esteve no local para garantir que o di\u00e1logo entre o banco e os ocupantes ocorresse sem problemas. No momento em que a PM estava no conjunto, algumas pessoas colocaram fogo em uma barreira feita de pneus, que estava sendo utilizada para interromper a passagem de ve\u00edculos.<\/p>\n<p>\u201cO nosso objetivo \u00e9 garantir a integridade f\u00edsica de todos os envolvidos. Hoje foi dada uma nova oportunidade para quem quisesse sair do local, um caminh\u00e3o foi disponibilizado para transportar os pertences dos ocupantes\u201d, diz o tenente Fredson da Silva.<\/p>\n<p>Rita das Neves, ocupou uma das casas com os tr\u00eas filhos. Ela diz que est\u00e1 desempregada e n\u00e3o tem condi\u00e7\u00f5es de pagar aluguel. \u201cAntes eu pagava aluguel de R$ 250, mas tive que sair do local onde morava e estou devendo dois meses para a propriet\u00e1ria. Sei que n\u00e3o \u00e9 certo ficar aqui, mas n\u00e3o tenho outra alternativa\u201d, fala a mulher que est\u00e1 inscrita no Minha Casa Minha Vida h\u00e1 tr\u00eas meses e vive da renda do Bolsa Fam\u00edlia.<\/p>\n<p>Enquanto os ocupantes dizem que n\u00e3o t\u00eam para onde ir, quem foi beneficiado por uma casa no conjunto habitacional espera por uma solu\u00e7\u00e3o. Erika Pereira, m\u00e3e de duas crian\u00e7as, diz que est\u00e1 inscrita no Minha Casa Minha Vida h\u00e1 cinco anos, no dia 28 de janeiro ela esteve na Caixa para assinar os papeis referentes ao im\u00f3vel e em seguida foi at\u00e9 o Recanto das \u00c1guas, mas ao chegar no local a casa dela estava ocupada.<\/p>\n<p>\u201cFiquei com uma grande expectativa para mudar para minha casa nova, estava esperando h\u00e1 muito tempo, com muita ansiedade, e quando cheguei j\u00e1 tinha outras pessoas no espa\u00e7o que \u00e9 meu. At\u00e9 a fechadura foi trocada, minhas chaves que recebi da Caixa n\u00e3o abrem a porta\u201d, fala.<\/p>\n<p>Erika era beneficiada pelo munic\u00edpio com o aluguel de uma casa, mas ap\u00f3s ser contemplada pelo Governo Federal com a nova moradia, o aux\u00edlio foi cortado. \u201cEstou morando de favor, n\u00e3o tenho como pagar, enquanto isso, espero que a situa\u00e7\u00e3o seja resolvida.\u201d<\/p>\n<p>At\u00e9 o momento em que a reportagem estava no Recanto das \u00c1guas, apenas Patrick de Souza, se disp\u00f4s a sair voluntariamente do im\u00f3vel ocupado. \u201cN\u00e3o quero medir for\u00e7as com juiz e pol\u00edcia, estou esperando h\u00e1 mais de um ano por uma casa, mas n\u00e3o vou ficar, vou sair e procurar um lugar para ficar\u201d.<\/p>\n<p>O padeiro conta que resolveu ocupar o im\u00f3vel porque estava sem condi\u00e7\u00f5es de arcar com os R$ 300 de aluguel da casa onde morava,  j\u00e1 que ganha um sal\u00e1rio m\u00ednimo como padeiro e tem que arcar com o tratamento de sa\u00fade da filha, de R$ 350 por m\u00eas.<\/p>\n<p>\u201cVou sair e esperar pela minha vez. N\u00e3o tenho outra sa\u00edda\u201d, diz.<\/p>\n<p><em>(Fonte: Inter TV Grande Minas\/G1)<\/em><\/p>\n","protected":false},"excerpt":{"rendered":"<p>Funcion\u00e1rios da Caixa Econ\u00f4mica Federal estiveram novamente no conjunto habitacional Recanto das \u00c1guas, em Montes Claros (MG), nesta sexta-feira (7), para conversarem com as fam\u00edlias que ocuparam irregularmente as casas destinados ao \u201cMinha Casa Minha Vida\u201d. A inten\u00e7\u00e3o era fazer uma segunda tentativa para que as moradias fossem desocupadas pacificamente. Policiais e funcion\u00e1rio da Caixa [&hellip;]<\/p>\n","protected":false},"author":1,"featured_media":20678,"comment_status":"open","ping_status":"closed","sticky":false,"template":"","format":"standard","meta":{"amp_status":"","footnotes":""},"categories":[1236],"tags":[4014,210],"class_list":["post-20677","post","type-post","status-publish","format-standard","has-post-thumbnail","hentry","category-norte_de_minas","tag-familias-insistem-em-nao-sair-de-imoveis-do-minha-casa-minha-vida-em-montes-claros","tag-montes-claros"],"_links":{"self":[{"href":"https:\/\/aconteceunovale.com.br\/portal\/index.php?rest_route=\/wp\/v2\/posts\/20677","targetHints":{"allow":["GET"]}}],"collection":[{"href":"https:\/\/aconteceunovale.com.br\/portal\/index.php?rest_route=\/wp\/v2\/posts"}],"about":[{"href":"https:\/\/aconteceunovale.com.br\/portal\/index.php?rest_route=\/wp\/v2\/types\/post"}],"author":[{"embeddable":true,"href":"https:\/\/aconteceunovale.com.br\/portal\/index.php?rest_route=\/wp\/v2\/users\/1"}],"replies":[{"embeddable":true,"href":"https:\/\/aconteceunovale.com.br\/portal\/index.php?rest_route=%2Fwp%2Fv2%2Fcomments&post=20677"}],"version-history":[{"count":0,"href":"https:\/\/aconteceunovale.com.br\/portal\/index.php?rest_route=\/wp\/v2\/posts\/20677\/revisions"}],"wp:featuredmedia":[{"embeddable":true,"href":"https:\/\/aconteceunovale.com.br\/portal\/index.php?rest_route=\/wp\/v2\/media\/20678"}],"wp:attachment":[{"href":"https:\/\/aconteceunovale.com.br\/portal\/index.php?rest_route=%2Fwp%2Fv2%2Fmedia&parent=20677"}],"wp:term":[{"taxonomy":"category","embeddable":true,"href":"https:\/\/aconteceunovale.com.br\/portal\/index.php?rest_route=%2Fwp%2Fv2%2Fcategories&post=20677"},{"taxonomy":"post_tag","embeddable":true,"href":"https:\/\/aconteceunovale.com.br\/portal\/index.php?rest_route=%2Fwp%2Fv2%2Ftags&post=20677"}],"curies":[{"name":"wp","href":"https:\/\/api.w.org\/{rel}","templated":true}]}}