{"id":20675,"date":"2014-02-07T15:43:01","date_gmt":"2014-02-07T17:43:01","guid":{"rendered":"http:\/\/aconteceunovale.com.br\/portal\/?p=20675"},"modified":"2014-02-07T15:43:01","modified_gmt":"2014-02-07T17:43:01","slug":"jovem-ameaca-alunos-e-servidores-de-escola-do-norte-de-minas","status":"publish","type":"post","link":"https:\/\/aconteceunovale.com.br\/portal\/?p=20675","title":{"rendered":"Jovem amea\u00e7a alunos e servidores de escola do Norte de Minas"},"content":{"rendered":"<p>Policiais civis e militares da cidade de Buen\u00f3polis no Norte de Minas cumpriram mandado de pris\u00e3o preventiva de um jovem de 22 anos que amea\u00e7ava entrar na Escola Municipal da cidade de Joaquim Fel\u00edcio para matar alunos e funcion\u00e1rios.<\/p>\n<p>Segundo a Policia Civil, o jovem apresenta quadro de transtornos mentais e faz uso de entorpecentes. Al\u00e9m disso, foi preso recentemente por amea\u00e7ar a pr\u00f3pria m\u00e3e com o uso de uma faca.<\/p>\n<p>As constantes amea\u00e7as se espalharam pela cidade e causou um clima de medo \u00e0 popula\u00e7\u00e3o, principalmente aos servidores e pais de alunos. Em fun\u00e7\u00e3o disso, as aulas que come\u00e7ariam na \u00faltima segunda-feira (3), foram adiadas por decis\u00e3o da diretora da escola e pelo apelo dos pais que  n\u00e3o permitiram que as crian\u00e7as fosssem \u00e0s aulas sob o risco das amea\u00e7as. Neste per\u00edodo, acontecia a capacita\u00e7\u00e3o dos professores na institui\u00e7\u00e3o.<\/p>\n<p>De acordo com a delegada Ione Maria Moreira, que coordenou as investiga\u00e7\u00f5es, em meio \u00e0s not\u00edcias das amea\u00e7as o acusado foi localizado em casa, preso e levado para a delegacia de Buen\u00f3polis.<\/p>\n<p>Aliviados com a pris\u00e3o do suspeito, a escola iniciou suas atividades na quinta-feira (6).<\/p>\n<p><em>(Imagem ilustrativa)<\/em><br \/>\n<img decoding=\"async\" src=\"http:\/\/aconteceunovale.com.br\/portal\/wp-content\/uploads\/2014\/01\/homem_preso.jpg\" alt=\"\" \/><\/p>\n<p><em>(Inter TV Grande Minas)<\/em><\/p>\n","protected":false},"excerpt":{"rendered":"<p>Policiais civis e militares da cidade de Buen\u00f3polis no Norte de Minas cumpriram mandado de pris\u00e3o preventiva de um jovem de 22 anos que amea\u00e7ava entrar na Escola Municipal da cidade de Joaquim Fel\u00edcio para matar alunos e funcion\u00e1rios. Segundo a Policia Civil, o jovem apresenta quadro de transtornos mentais e faz uso de entorpecentes. [&hellip;]<\/p>\n","protected":false},"author":1,"featured_media":0,"comment_status":"open","ping_status":"closed","sticky":false,"template":"","format":"standard","meta":{"amp_status":"","footnotes":""},"categories":[1236],"tags":[960,1043,4013,4012],"class_list":["post-20675","post","type-post","status-publish","format-standard","hentry","category-norte_de_minas","tag-buenopolis","tag-joaquim-felicio","tag-jovem-ameaca-alunos-e-servidores-de-escola-do-norte-de-minas","tag-jovem-ameaca-alunos-e-servidores-de-escola-em-joaquim-felicio"],"_links":{"self":[{"href":"https:\/\/aconteceunovale.com.br\/portal\/index.php?rest_route=\/wp\/v2\/posts\/20675","targetHints":{"allow":["GET"]}}],"collection":[{"href":"https:\/\/aconteceunovale.com.br\/portal\/index.php?rest_route=\/wp\/v2\/posts"}],"about":[{"href":"https:\/\/aconteceunovale.com.br\/portal\/index.php?rest_route=\/wp\/v2\/types\/post"}],"author":[{"embeddable":true,"href":"https:\/\/aconteceunovale.com.br\/portal\/index.php?rest_route=\/wp\/v2\/users\/1"}],"replies":[{"embeddable":true,"href":"https:\/\/aconteceunovale.com.br\/portal\/index.php?rest_route=%2Fwp%2Fv2%2Fcomments&post=20675"}],"version-history":[{"count":0,"href":"https:\/\/aconteceunovale.com.br\/portal\/index.php?rest_route=\/wp\/v2\/posts\/20675\/revisions"}],"wp:attachment":[{"href":"https:\/\/aconteceunovale.com.br\/portal\/index.php?rest_route=%2Fwp%2Fv2%2Fmedia&parent=20675"}],"wp:term":[{"taxonomy":"category","embeddable":true,"href":"https:\/\/aconteceunovale.com.br\/portal\/index.php?rest_route=%2Fwp%2Fv2%2Fcategories&post=20675"},{"taxonomy":"post_tag","embeddable":true,"href":"https:\/\/aconteceunovale.com.br\/portal\/index.php?rest_route=%2Fwp%2Fv2%2Ftags&post=20675"}],"curies":[{"name":"wp","href":"https:\/\/api.w.org\/{rel}","templated":true}]}}