{"id":20650,"date":"2014-02-07T12:51:28","date_gmt":"2014-02-07T14:51:28","guid":{"rendered":"http:\/\/aconteceunovale.com.br\/portal\/?p=20650"},"modified":"2014-02-07T12:51:28","modified_gmt":"2014-02-07T14:51:28","slug":"mpmg-suspende-venda-de-alimentos-por-cinco-supermercados-de-mantena","status":"publish","type":"post","link":"https:\/\/aconteceunovale.com.br\/portal\/?p=20650","title":{"rendered":"MPMG suspende venda de alimentos por cinco supermercados de Mantena"},"content":{"rendered":"<p>Os supermercados Almeida, Valente (matriz e filial) e Uni\u00e3o e o hipermercado Valente, no munic\u00edpio de Mantena, na regi\u00e3o do Vale do Rio Doce, est\u00e3o proibidos de fornecer produtos aliment\u00edcios, \u00e1guas minerais, bebidas alco\u00f3licas, al\u00e9m de comercializar produtos em seus a\u00e7ougues e padarias. A medida foi imposta pelo Minist\u00e9rio P\u00fablico de Minas Gerais (MPMG), por meio da Promotoria de Justi\u00e7a de Defesa do Consumidor do munic\u00edpio, ap\u00f3s a Vigil\u00e2ncia Sanit\u00e1ria local constatar uma s\u00e9rie de irregularidades nesses estabelecimentos, como o fornecimento de produtos com v\u00edcio de qualidade, principalmente devido \u00e0s p\u00e9ssimas condi\u00e7\u00f5es dos dep\u00f3sitos de armazenamento.<\/p>\n<p><img decoding=\"async\" src=\"http:\/\/aconteceunovale.com.br\/portal\/wp-content\/uploads\/2014\/02\/mantena_mg_07_02.jpg\" alt=\"\" \/><\/p>\n<p>Em inspe\u00e7\u00f5es realizadas em janeiro, foram encontrados desde equipamentos enferrujados e em mau estado de conserva\u00e7\u00e3o, at\u00e9 produtos atingidos por enchentes, sujos de lama, insetos mortos e fezes de roedores nos alimentos. Alguns produtos foram encaminhados para an\u00e1lise pela Funda\u00e7\u00e3o Ezequiel Dias, que confirmou a impropriedade do material para o consumo.<\/p>\n<p>Diante da gravidade da situa\u00e7\u00e3o, dois promotores de Justi\u00e7a de Defesa do Consumidor de Belo Horizonte est\u00e3o acompanhando o processo administrativo instaurado contra os estabelecimentos e auxiliando a Promotoria de Justi\u00e7a de Defesa do Consumidor de Mantena nas investiga\u00e7\u00f5es.<\/p>\n<p><strong>Alvar\u00e1 de funcionamento<\/strong><\/p>\n<p>Com a decis\u00e3o de suspender o fornecimento de produtos, os estabelecimentos, se quiserem voltar a funcionar normalmente, ter\u00e3o que sanar as irregularidades apontadas e obter alvar\u00e1 da Vigil\u00e2ncia Sanit\u00e1ria. Al\u00e9m disso, segundo a decis\u00e3o do \u00f3rg\u00e3o de defesa do consumidor, os supermercados precisar\u00e3o comprovar que os produtos aliment\u00edcios, incluindo as bebidas alco\u00f3licas e \u00e1guas minerais, expostos ao consumo nas g\u00f4ndolas ou acondicionados nas c\u00e2maras frias e no dep\u00f3sito, n\u00e3o tenham sido atingidos ou danificados por inunda\u00e7\u00e3o.<\/p>\n<p>Os supermercados Uni\u00e3o e Almeida e o hipermercado Valente pagar\u00e3o multa di\u00e1ria de R$ 70 mil caso descumpram a determina\u00e7\u00e3o. J\u00e1 o supermercado Valente, ter\u00e1 que arcar com multa di\u00e1ria de R$ 50 mil, em caso de descumprimento.<\/p>\n<p>Segundo a promotoria de Justi\u00e7a local, n\u00e3o h\u00e1 riscos de desabastecimento de produtos no munic\u00edpio, j\u00e1 que os outros supermercados da cidade continuam prestando seus servi\u00e7os e fornecendo suas mercadorias normalmente.<\/p>\n<p>Responsabilidade civil e criminal<\/p>\n<p>Al\u00e9m do processo administrativo, o MPMG instaurou, na \u00faltima semana, Inqu\u00e9rito Civil para apurar poss\u00edvel responsabiliza\u00e7\u00e3o dos propriet\u00e1rios dos supermercados por dano moral coletivo. Os donos dos supermercados poder\u00e3o tamb\u00e9m ser responsabilizados criminalmente, conforme o artigo 7\u00ba, inciso 9\u00ba, da Lei n.\u00ba 8.137\/90.<\/p>\n<p><em>(Via Portal O Tempo)<\/em><\/p>\n","protected":false},"excerpt":{"rendered":"<p>Os supermercados Almeida, Valente (matriz e filial) e Uni\u00e3o e o hipermercado Valente, no munic\u00edpio de Mantena, na regi\u00e3o do Vale do Rio Doce, est\u00e3o proibidos de fornecer produtos aliment\u00edcios, \u00e1guas minerais, bebidas alco\u00f3licas, al\u00e9m de comercializar produtos em seus a\u00e7ougues e padarias. A medida foi imposta pelo Minist\u00e9rio P\u00fablico de Minas Gerais (MPMG), por [&hellip;]<\/p>\n","protected":false},"author":1,"featured_media":20651,"comment_status":"open","ping_status":"closed","sticky":false,"template":"","format":"standard","meta":{"amp_status":"","footnotes":""},"categories":[121],"tags":[1516,4002,4004,4003],"class_list":["post-20650","post","type-post","status-publish","format-standard","has-post-thumbnail","hentry","category-leste","tag-mantena","tag-mpmg-suspende-venda-de-alimentos-por-cinco-supermercados-de-mantena","tag-supermercados-de-mantena","tag-supermercados-de-mantena-proibidos-de-vender-alimentos-pelo-ministerio-publico"],"_links":{"self":[{"href":"https:\/\/aconteceunovale.com.br\/portal\/index.php?rest_route=\/wp\/v2\/posts\/20650","targetHints":{"allow":["GET"]}}],"collection":[{"href":"https:\/\/aconteceunovale.com.br\/portal\/index.php?rest_route=\/wp\/v2\/posts"}],"about":[{"href":"https:\/\/aconteceunovale.com.br\/portal\/index.php?rest_route=\/wp\/v2\/types\/post"}],"author":[{"embeddable":true,"href":"https:\/\/aconteceunovale.com.br\/portal\/index.php?rest_route=\/wp\/v2\/users\/1"}],"replies":[{"embeddable":true,"href":"https:\/\/aconteceunovale.com.br\/portal\/index.php?rest_route=%2Fwp%2Fv2%2Fcomments&post=20650"}],"version-history":[{"count":0,"href":"https:\/\/aconteceunovale.com.br\/portal\/index.php?rest_route=\/wp\/v2\/posts\/20650\/revisions"}],"wp:featuredmedia":[{"embeddable":true,"href":"https:\/\/aconteceunovale.com.br\/portal\/index.php?rest_route=\/wp\/v2\/media\/20651"}],"wp:attachment":[{"href":"https:\/\/aconteceunovale.com.br\/portal\/index.php?rest_route=%2Fwp%2Fv2%2Fmedia&parent=20650"}],"wp:term":[{"taxonomy":"category","embeddable":true,"href":"https:\/\/aconteceunovale.com.br\/portal\/index.php?rest_route=%2Fwp%2Fv2%2Fcategories&post=20650"},{"taxonomy":"post_tag","embeddable":true,"href":"https:\/\/aconteceunovale.com.br\/portal\/index.php?rest_route=%2Fwp%2Fv2%2Ftags&post=20650"}],"curies":[{"name":"wp","href":"https:\/\/api.w.org\/{rel}","templated":true}]}}