{"id":20645,"date":"2014-02-07T12:38:16","date_gmt":"2014-02-07T14:38:16","guid":{"rendered":"http:\/\/aconteceunovale.com.br\/portal\/?p=20645"},"modified":"2014-02-07T12:38:16","modified_gmt":"2014-02-07T14:38:16","slug":"recuperacao-de-estradas-do-projeto-jaiba-vai-beneficiar-mais-de-dois-mil-agricultores","status":"publish","type":"post","link":"https:\/\/aconteceunovale.com.br\/portal\/?p=20645","title":{"rendered":"Recupera\u00e7\u00e3o de estradas do Projeto Ja\u00edba vai beneficiar mais de dois mil agricultores"},"content":{"rendered":"<p>Mais de dois mil produtores ter\u00e3o o escoamento da produ\u00e7\u00e3o facilitado com a recupera\u00e7\u00e3o de 305 quil\u00f4metros de estradas internas no per\u00edmetro de irriga\u00e7\u00e3o Ja\u00edba, no Norte de Minas. A obra, que ser\u00e1 realizada por meio de conv\u00eanio entre a Companhia de Desenvolvimento dos Vales do S\u00e3o Francisco e do Parna\u00edba (Codevasf) e a Funda\u00e7\u00e3o Rural Mineira (Ruralminas), do Governo de Minas. A ordem de servi\u00e7o assinada nesta sexta-feira (7), \u00e0s 9h, no audit\u00f3rio da Emater, no Distrito de Mocambinho \u2013 Ja\u00edba (MG), com a presen\u00e7a do secret\u00e1rio de Estado de Agricultura, Pecu\u00e1ria e Abastecimento, Z\u00e9 Silva, e do presidente da Codevasf, Elmo Vaz.<\/p>\n<p><img decoding=\"async\" src=\"http:\/\/aconteceunovale.com.br\/portal\/wp-content\/uploads\/2014\/02\/projeto_jaiba_07_02.jpg\" alt=\"\" \/><\/p>\n<p>O investimento total na a\u00e7\u00e3o ser\u00e1 de aproximadamente R$ 5,8 milh\u00f5es. Desse valor, a maior parte \u2013 cerca de R$ 4,8 milh\u00f5es \u2013 \u00e9 proveniente da Codevasf. A outra parte entra como contrapartida do Governo de Minas.<\/p>\n<p>\u201cEstradas vicinais em situa\u00e7\u00f5es prec\u00e1rias s\u00e3o um entrave ao desenvolvimento da agricultura. Melhorar as condi\u00e7\u00f5es de trafegabilidade, de acordo com projetos ambientalmente sustent\u00e1veis, garante o escoamento da produ\u00e7\u00e3o, al\u00e9m de melhorar as condi\u00e7\u00f5es da popula\u00e7\u00e3o que moram no entorno do per\u00edmetro\u201d, explica o secret\u00e1rio Z\u00e9 Silva.<\/p>\n<p>A recupera\u00e7\u00e3o das estradas vai melhorar a circula\u00e7\u00e3o interna &#8211; que fica comprometida no per\u00edodo chuvoso, de aproximadamente 1,8 mil fam\u00edlias de agricultores familiares e de 230 pequenos e m\u00e9dios produtores da Etapa I do per\u00edmetro, segundo o engenheiro agr\u00edcola e analista em Desenvolvimento Regional da Codevasf, Marcos Eg\u00eddio.<\/p>\n<p>\u201c\u00c9 um avan\u00e7o para os agricultores irrigantes porque vai viabilizar o escoamento com menos perdas na produ\u00e7\u00e3o e sem danos nas frutas, por exemplo. Isso acaba refletindo no valor final do produto\u201d, afirma o gerente do Distrito de Irriga\u00e7\u00e3o Ja\u00edba (DIJ), Marcos Medrado. O DIJ \u00e9 uma associa\u00e7\u00e3o civil, sem fins lucrativos, que re\u00fane os irrigantes da Etapa I.<\/p>\n<p>Uma novidade nas obras de recupera\u00e7\u00e3o das estradas ser\u00e1 o uso de tecnologia sul-africana, que aplica um estabilizador de solo, pouco utilizado no Brasil. O estabilizador \u00e9 um agente qu\u00edmico que proporciona ac\u00famulo das part\u00edculas de argila, garantindo maior durabilidade do servi\u00e7o, sem provocar a impermeabiliza\u00e7\u00e3o do solo. Al\u00e9m de favorecer a infiltra\u00e7\u00e3o das \u00e1guas de chuva no solo, o produto reduz a forma\u00e7\u00e3o de poeira, buracos e lama.<\/p>\n<p>A tecnologia ser\u00e1 aplicada em 10 quil\u00f4metros de estradas que cortam o per\u00edmetro Ja\u00edba, como experi\u00eancia-piloto na regi\u00e3o. Uma vez analisada a rela\u00e7\u00e3o custo\/benef\u00edcio, a tecnologia poder\u00e1 ser incorporada em outros trabalhos de recupera\u00e7\u00e3o executados pela Ruralminas.<\/p>\n<p>A Ruralminas \u00e9 respons\u00e1vel pela contrata\u00e7\u00e3o e execu\u00e7\u00e3o da obra de recupera\u00e7\u00e3o de estradas internas do per\u00edmetro irrigado Ja\u00edba. O prazo para conclus\u00e3o dos trabalhos \u00e9 de 12 meses, a contar da assinatura da ordem de servi\u00e7o.<\/p>\n<p><strong>Ja\u00edba<\/strong><\/p>\n<p>O per\u00edmetro de irriga\u00e7\u00e3o Ja\u00edba est\u00e1 localizado nos munic\u00edpios mineiros de Ja\u00edba, Matias Cardoso e Verdel\u00e2ndia, na regi\u00e3o do M\u00e9dio S\u00e3o Francisco, \u00e0 margem direita do rio S\u00e3o Francisco. As vias de acesso ao per\u00edmetro s\u00e3o a BR-122, a 27 quil\u00f4metros de Montes Claros, com seu prolongamento asfaltado at\u00e9 a cidade de Jana\u00faba; e a MG-401, tamb\u00e9m asfaltada, at\u00e9 Mocambinho.<\/p>\n<p>No Ja\u00edba, o destaque \u00e9 para a produ\u00e7\u00e3o de frutas, principalmente lim\u00e3o \u2013 em parte exportado para Europa \u2013, banana, mam\u00e3o e manga. A produ\u00e7\u00e3o de gr\u00e3os \u2013 milho e feij\u00e3o \u2013, mandioca e sementes de hortali\u00e7as tamb\u00e9m \u00e9 importante para a agricultura familiar. Em 2012, a produ\u00e7\u00e3o global da Etapa I foi de aproximadamente 170 mil toneladas, com uma receita bruta de cerca de R$ 130 milh\u00f5es. A \u00e1rea total dessa etapa do per\u00edmetro \u00e9 de quase 33 mil hectares, sendo que 24,7 mil hectares s\u00e3o irrig\u00e1veis.<\/p>\n","protected":false},"excerpt":{"rendered":"<p>Mais de dois mil produtores ter\u00e3o o escoamento da produ\u00e7\u00e3o facilitado com a recupera\u00e7\u00e3o de 305 quil\u00f4metros de estradas internas no per\u00edmetro de irriga\u00e7\u00e3o Ja\u00edba, no Norte de Minas. A obra, que ser\u00e1 realizada por meio de conv\u00eanio entre a Companhia de Desenvolvimento dos Vales do S\u00e3o Francisco e do Parna\u00edba (Codevasf) e a Funda\u00e7\u00e3o [&hellip;]<\/p>\n","protected":false},"author":1,"featured_media":20646,"comment_status":"open","ping_status":"closed","sticky":false,"template":"","format":"standard","meta":{"amp_status":"","footnotes":""},"categories":[1236],"tags":[1058,1708,3106,3993,1814],"class_list":["post-20645","post","type-post","status-publish","format-standard","has-post-thumbnail","hentry","category-norte_de_minas","tag-jaiba","tag-matias-cardoso","tag-projeto-jaiba","tag-recuperacao-de-estradas-do-projeto-jaiba-vai-beneficiar-mais-de-dois-mil-agricultores","tag-verdelandia"],"_links":{"self":[{"href":"https:\/\/aconteceunovale.com.br\/portal\/index.php?rest_route=\/wp\/v2\/posts\/20645","targetHints":{"allow":["GET"]}}],"collection":[{"href":"https:\/\/aconteceunovale.com.br\/portal\/index.php?rest_route=\/wp\/v2\/posts"}],"about":[{"href":"https:\/\/aconteceunovale.com.br\/portal\/index.php?rest_route=\/wp\/v2\/types\/post"}],"author":[{"embeddable":true,"href":"https:\/\/aconteceunovale.com.br\/portal\/index.php?rest_route=\/wp\/v2\/users\/1"}],"replies":[{"embeddable":true,"href":"https:\/\/aconteceunovale.com.br\/portal\/index.php?rest_route=%2Fwp%2Fv2%2Fcomments&post=20645"}],"version-history":[{"count":0,"href":"https:\/\/aconteceunovale.com.br\/portal\/index.php?rest_route=\/wp\/v2\/posts\/20645\/revisions"}],"wp:featuredmedia":[{"embeddable":true,"href":"https:\/\/aconteceunovale.com.br\/portal\/index.php?rest_route=\/wp\/v2\/media\/20646"}],"wp:attachment":[{"href":"https:\/\/aconteceunovale.com.br\/portal\/index.php?rest_route=%2Fwp%2Fv2%2Fmedia&parent=20645"}],"wp:term":[{"taxonomy":"category","embeddable":true,"href":"https:\/\/aconteceunovale.com.br\/portal\/index.php?rest_route=%2Fwp%2Fv2%2Fcategories&post=20645"},{"taxonomy":"post_tag","embeddable":true,"href":"https:\/\/aconteceunovale.com.br\/portal\/index.php?rest_route=%2Fwp%2Fv2%2Ftags&post=20645"}],"curies":[{"name":"wp","href":"https:\/\/api.w.org\/{rel}","templated":true}]}}