{"id":20642,"date":"2014-02-07T12:30:26","date_gmt":"2014-02-07T14:30:26","guid":{"rendered":"http:\/\/aconteceunovale.com.br\/portal\/?p=20642"},"modified":"2014-02-07T12:30:26","modified_gmt":"2014-02-07T14:30:26","slug":"caminhao-tomba-no-perimetro-urbano-da-br-259-em-governador-valadares","status":"publish","type":"post","link":"https:\/\/aconteceunovale.com.br\/portal\/?p=20642","title":{"rendered":"Caminh\u00e3o tomba no per\u00edmetro urbano da BR-259 em Governador Valadares"},"content":{"rendered":"<p>Um caminh\u00e3o tombou na manh\u00e3 desta sexta-feira (07 de fevereiro) no per\u00edmetro urbano da BR-259, em Governador Valadares, no Leste de Minas Gerais. N\u00e3o houve congestionamento e nem interdi\u00e7\u00e3o na pista.<\/p>\n<p>O ve\u00edculo, com placas de S\u00e3o Domingos do Norte (ES), passou direto em uma curva e tombou fora da pista. O caminh\u00e3o estava carregado com cerca de 10 toneladas de produtos de limpeza e segundo o motorista, como se trata de uma carga l\u00edquida, o peso fez a carroceria virar. <\/p>\n<p>Segundo informa\u00e7\u00f5es da Pol\u00edcia Militar de Tr\u00e2nsito, o motorista, de 21 anos, contou que passou mal e quando percebeu, o caminh\u00e3o j\u00e1 estava tombado. Mas segundo a Pol\u00edcia, ele n\u00e3o se feriu.<\/p>\n<p><img decoding=\"async\" src=\"http:\/\/aconteceunovale.com.br\/portal\/wp-content\/uploads\/2014\/02\/caminhao_tomba_gv_07_02.jpg\" alt=\"\" \/><\/p>\n<p><em>(Foto e informa\u00e7\u00f5es da Inter TV dos Vales)<\/em><\/p>\n","protected":false},"excerpt":{"rendered":"<p>Um caminh\u00e3o tombou na manh\u00e3 desta sexta-feira (07 de fevereiro) no per\u00edmetro urbano da BR-259, em Governador Valadares, no Leste de Minas Gerais. N\u00e3o houve congestionamento e nem interdi\u00e7\u00e3o na pista. O ve\u00edculo, com placas de S\u00e3o Domingos do Norte (ES), passou direto em uma curva e tombou fora da pista. O caminh\u00e3o estava carregado [&hellip;]<\/p>\n","protected":false},"author":1,"featured_media":20643,"comment_status":"open","ping_status":"closed","sticky":false,"template":"","format":"standard","meta":{"amp_status":"","footnotes":""},"categories":[121],"tags":[3991,247,3992],"class_list":["post-20642","post","type-post","status-publish","format-standard","has-post-thumbnail","hentry","category-leste","tag-caminhao-tomba-no-perimetro-urbano-da-br-259-em-governador-valadares","tag-governador-valadares","tag-sao-domingos-do-norte"],"_links":{"self":[{"href":"https:\/\/aconteceunovale.com.br\/portal\/index.php?rest_route=\/wp\/v2\/posts\/20642","targetHints":{"allow":["GET"]}}],"collection":[{"href":"https:\/\/aconteceunovale.com.br\/portal\/index.php?rest_route=\/wp\/v2\/posts"}],"about":[{"href":"https:\/\/aconteceunovale.com.br\/portal\/index.php?rest_route=\/wp\/v2\/types\/post"}],"author":[{"embeddable":true,"href":"https:\/\/aconteceunovale.com.br\/portal\/index.php?rest_route=\/wp\/v2\/users\/1"}],"replies":[{"embeddable":true,"href":"https:\/\/aconteceunovale.com.br\/portal\/index.php?rest_route=%2Fwp%2Fv2%2Fcomments&post=20642"}],"version-history":[{"count":0,"href":"https:\/\/aconteceunovale.com.br\/portal\/index.php?rest_route=\/wp\/v2\/posts\/20642\/revisions"}],"wp:featuredmedia":[{"embeddable":true,"href":"https:\/\/aconteceunovale.com.br\/portal\/index.php?rest_route=\/wp\/v2\/media\/20643"}],"wp:attachment":[{"href":"https:\/\/aconteceunovale.com.br\/portal\/index.php?rest_route=%2Fwp%2Fv2%2Fmedia&parent=20642"}],"wp:term":[{"taxonomy":"category","embeddable":true,"href":"https:\/\/aconteceunovale.com.br\/portal\/index.php?rest_route=%2Fwp%2Fv2%2Fcategories&post=20642"},{"taxonomy":"post_tag","embeddable":true,"href":"https:\/\/aconteceunovale.com.br\/portal\/index.php?rest_route=%2Fwp%2Fv2%2Ftags&post=20642"}],"curies":[{"name":"wp","href":"https:\/\/api.w.org\/{rel}","templated":true}]}}