{"id":20637,"date":"2014-02-07T11:23:14","date_gmt":"2014-02-07T13:23:14","guid":{"rendered":"http:\/\/aconteceunovale.com.br\/portal\/?p=20637"},"modified":"2014-02-07T11:52:56","modified_gmt":"2014-02-07T13:52:56","slug":"bloco-do-carnaval-de-minas-novas-homenageia-personagem-da-cidade","status":"publish","type":"post","link":"https:\/\/aconteceunovale.com.br\/portal\/?p=20637","title":{"rendered":"Bloco do carnaval de Minas Novas homenageia personagem da cidade"},"content":{"rendered":"<p>Recentemente divulgamos no Portal Aconteceu no Vale \u00e0 programa\u00e7\u00e3o do Carnaval Bom Demais 2014, de Minas Novas, no Vale do Jequitinhonha.<\/p>\n<p>O evento acontecer\u00e1 no per\u00edodo de 28 de fevereiro a 04 de mar\u00e7o, ter\u00e1 shows com as bandas Banda Barco a Vela, Swing do Luh (ex Guig Ghetto), Batuker\u00ea, Mania de Toalha e Junior Garcia.<\/p>\n<p>Uma das novidades do carnaval \u00e9 o bloco \u201cEterno Pedro de Chiquinha\u201d, em homenagem a um personagem c\u00f4mico da cidade que era conhecido por todos pela sua alegria, deixando sempre um sorriso no rosto de todos os minasnovenses por onde passava.<\/p>\n<p>Os interessados em participar do bloco poder\u00e3o garantir o seu abad\u00e1 atrav\u00e9s do telefone: (33) 9137-8198<\/p>\n<p><strong>ABAD\u00c1 BLOCO \u201cETERNO PEDRO DE CHIQUINHA\u201d<\/strong><\/p>\n<p><img decoding=\"async\" src=\"http:\/\/aconteceunovale.com.br\/portal\/wp-content\/uploads\/2014\/02\/bloco_eterno_pedro_de_chiquinha_02.jpg\" alt=\"\" \/><\/p>\n<p><strong>CARTAZ BLOCO \u201cETERNO PEDRO DE CHIQUINHA\u201d<\/strong><\/p>\n<p><img decoding=\"async\" src=\"http:\/\/aconteceunovale.com.br\/portal\/wp-content\/uploads\/2014\/02\/bloco_eterno_pedro_de_chiquinha.jpg\" alt=\"\" \/><\/p>\n<p><strong>CARTAZ CARNAVAL BOM DEMAIS 2014<\/strong><\/p>\n<p><img decoding=\"async\" src=\"http:\/\/aconteceunovale.com.br\/portal\/wp-content\/uploads\/2014\/02\/minas_novas_carnaval_2014.jpg\" alt=\"\" \/><\/p>\n","protected":false},"excerpt":{"rendered":"<p>Recentemente divulgamos no Portal Aconteceu no Vale \u00e0 programa\u00e7\u00e3o do Carnaval Bom Demais 2014, de Minas Novas, no Vale do Jequitinhonha. O evento acontecer\u00e1 no per\u00edodo de 28 de fevereiro a 04 de mar\u00e7o, ter\u00e1 shows com as bandas Banda Barco a Vela, Swing do Luh (ex Guig Ghetto), Batuker\u00ea, Mania de Toalha e Junior [&hellip;]<\/p>\n","protected":false},"author":1,"featured_media":20639,"comment_status":"open","ping_status":"closed","sticky":false,"template":"","format":"standard","meta":{"amp_status":"","footnotes":""},"categories":[125],"tags":[3987,3649,3988,3801,3989,3990,137],"class_list":["post-20637","post","type-post","status-publish","format-standard","has-post-thumbnail","hentry","category-noticias","tag-bloco-do-carnaval-de-minas-novas-homenageia-personagem-da-cidade","tag-carnaval-2014","tag-carnaval-bom-demais","tag-carnaval-bom-demais-2014","tag-carnaval-de-minas-novas","tag-carnaval-de-minas-novas-2014","tag-minas-novas"],"_links":{"self":[{"href":"https:\/\/aconteceunovale.com.br\/portal\/index.php?rest_route=\/wp\/v2\/posts\/20637","targetHints":{"allow":["GET"]}}],"collection":[{"href":"https:\/\/aconteceunovale.com.br\/portal\/index.php?rest_route=\/wp\/v2\/posts"}],"about":[{"href":"https:\/\/aconteceunovale.com.br\/portal\/index.php?rest_route=\/wp\/v2\/types\/post"}],"author":[{"embeddable":true,"href":"https:\/\/aconteceunovale.com.br\/portal\/index.php?rest_route=\/wp\/v2\/users\/1"}],"replies":[{"embeddable":true,"href":"https:\/\/aconteceunovale.com.br\/portal\/index.php?rest_route=%2Fwp%2Fv2%2Fcomments&post=20637"}],"version-history":[{"count":0,"href":"https:\/\/aconteceunovale.com.br\/portal\/index.php?rest_route=\/wp\/v2\/posts\/20637\/revisions"}],"wp:featuredmedia":[{"embeddable":true,"href":"https:\/\/aconteceunovale.com.br\/portal\/index.php?rest_route=\/wp\/v2\/media\/20639"}],"wp:attachment":[{"href":"https:\/\/aconteceunovale.com.br\/portal\/index.php?rest_route=%2Fwp%2Fv2%2Fmedia&parent=20637"}],"wp:term":[{"taxonomy":"category","embeddable":true,"href":"https:\/\/aconteceunovale.com.br\/portal\/index.php?rest_route=%2Fwp%2Fv2%2Fcategories&post=20637"},{"taxonomy":"post_tag","embeddable":true,"href":"https:\/\/aconteceunovale.com.br\/portal\/index.php?rest_route=%2Fwp%2Fv2%2Ftags&post=20637"}],"curies":[{"name":"wp","href":"https:\/\/api.w.org\/{rel}","templated":true}]}}