{"id":20620,"date":"2014-02-07T10:35:55","date_gmt":"2014-02-07T12:35:55","guid":{"rendered":"http:\/\/aconteceunovale.com.br\/portal\/?p=20620"},"modified":"2014-02-07T10:35:55","modified_gmt":"2014-02-07T12:35:55","slug":"vales-do-jequitinhonha-e-mucuri-ja-possuem-mais-de-9-mil-gestantes-cadastradas-no-maes-de-minas","status":"publish","type":"post","link":"https:\/\/aconteceunovale.com.br\/portal\/?p=20620","title":{"rendered":"Vales do Jequitinhonha e Mucuri j\u00e1 possuem mais de 9 mil gestantes cadastradas no M\u00e3es de Minas"},"content":{"rendered":"<p>Gr\u00e1vida do primeiro filho, Vanessa de Sousa Santos, 20 anos, est\u00e1 recebendo durante sua gesta\u00e7\u00e3o o apoio do programa M\u00e3es de Minas. A estudante teve acesso \u00e0 iniciativa por meio de uma amiga que trabalha no posto de sa\u00fade de Carlos Chagas, ligou para o 155 e se cadastrou. \u201cEstava no segundo m\u00eas de gravidez. A partir de ent\u00e3o tive todo o acompanhamento necess\u00e1rio e todas as d\u00favidas esclarecidas at\u00e9 agora\u201d, relata Vanessa, que est\u00e1 no quinto m\u00eas de gesta\u00e7\u00e3o. Ela conta que tamb\u00e9m j\u00e1 ganhou do programa roupinhas para o beb\u00ea e um livro que explica todos os cuidados com o rec\u00e9m-nascido.<\/p>\n<p><img decoding=\"async\" src=\"http:\/\/aconteceunovale.com.br\/portal\/wp-content\/uploads\/2014\/02\/maes_de_minas.jpg\" alt=\"\" \/><\/p>\n<p>Lan\u00e7ado em 2011, o M\u00e3es de Minas integra o Programa de Redu\u00e7\u00e3o da Mortalidade Infantil e Materna em Minas Gerais (Rede Viva a Vida), da Secretaria de Estado de Sa\u00fade (SES), e tem como objetivo identificar e  acolher todas as gestantes do Estado. Ao todo, j\u00e1 foram investidos R$ 19 milh\u00f5es no pagamento de incentivos \u00e0s Equipes de Sa\u00fade da Fam\u00edlia (ESF) em todos os munic\u00edpios mineiros, para identifica\u00e7\u00e3o e capta\u00e7\u00e3o precoce das gestantes pela Aten\u00e7\u00e3o Prim\u00e1ria \u00e0 Sa\u00fade e cadastramento na central telef\u00f4nica. Desde que foi lan\u00e7ado, o programa soma na regi\u00e3o dos Vales do Jequitinhonha e Mucuri um total de 9.643 m\u00e3es cadastradas. Em todo o Estado s\u00e3o mais de 145 mil.<\/p>\n<p>Al\u00e9m do cadastro pela central de atendimento telef\u00f4nico (155), as m\u00e3es podem fazer o cadastro durante as Caravanas M\u00e3es de Minas. Depois do procedimento, elas passam a receber acompanhamento, como liga\u00e7\u00f5es para marcar consultas e exames, al\u00e9m de ter acesso a diversas informa\u00e7\u00f5es para conduzir a gravidez com tranquilidade. O atendimento na central telef\u00f4nica \u00e9 feito pelas chamadas madrinhas, mulheres que j\u00e1 s\u00e3o m\u00e3es ou av\u00f3s, justamente para tornar o servi\u00e7o ainda mais humanizado e fazer a gestante se sentir realmente acolhida. Al\u00e9m das madrinhas, m\u00e9dicos e enfermeiros tamb\u00e9m prestam assist\u00eancia \u00e0s gr\u00e1vidas em plant\u00e3o di\u00e1rio de 24 horas.<\/p>\n<p>Por meio do servi\u00e7o de call center tamb\u00e9m \u00e9 poss\u00edvel identificar as m\u00e3es que n\u00e3o est\u00e3o realizando o pr\u00e9-natal adequadamente, o que facilita e colabora com a redu\u00e7\u00e3o da mortalidade materna e infantil no Estado. Al\u00e9m disso, a m\u00e3e continua sendo acompanhada at\u00e9 o beb\u00ea completar um ano.<\/p>\n<p>Para Vanessa o servi\u00e7o humanizado oferecido pelo programa \u00e9 o principal apoio que recebe durante a gesta\u00e7\u00e3o. \u201cJ\u00e1 liguei v\u00e1rias vezes para o 155 quando eu n\u00e3o estava me sentindo bem ou para esclarecer alguma d\u00favida e sempre fui muito bem atendida. O M\u00e3es de Minas me deixa mais segura nesse momento t\u00e3o importante da minha vida,\u201d comenta.<\/p>\n<p><strong>Caravana M\u00e3es de Minas<\/strong><\/p>\n<p>Com o objetivo de mobilizar e despertar a sociedade e institui\u00e7\u00f5es privadas para a import\u00e2ncia do acompanhamento adequado das gestantes mineiras, o Governo do Estado criou a Caravana M\u00e3es de Minas. Por meio da iniciativa, 17 munic\u00edpios mineiros j\u00e1 receberam oficinas de orienta\u00e7\u00e3o para gestantes sobre aleitamento materno, cuidados com o beb\u00ea, avalia\u00e7\u00e3o antropom\u00e9trica, nutricional, peso, altura, press\u00e3o de crian\u00e7as e gestantes, al\u00e9m de diversos outros servi\u00e7os. Um caminh\u00e3o especialmente equipado para atender gestantes e crian\u00e7as visita as cidades que recebem a caravana oferecendo acolhimento e servi\u00e7os de sa\u00fade e lazer.<\/p>\n<p><strong>Sistema de Identifica\u00e7\u00e3o da Gravidez<\/strong><\/p>\n<p>De acordo com a refer\u00eancia t\u00e9cnica da Rede Viva Vida Naiara Abreu, atualmente vem sendo implantado o Sistema de Identifica\u00e7\u00e3o da Gravidez, que utiliza como fonte de identifica\u00e7\u00e3o de gestantes os servi\u00e7os que prestam assist\u00eancia \u00e0 mulher, as Unidades B\u00e1sicas de Sa\u00fade (UBS), os centros de refer\u00eancia ou as unidades de urg\u00eancia, tanto da rede privada, quanto da particular. \u201cO programa tem como objetivo a redu\u00e7\u00e3o da mortalidade infantil em Minas e a garantia de um nascimento digno e saud\u00e1vel. Por isso, as a\u00e7\u00f5es do programa visam constituir um Sistema de Identifica\u00e7\u00e3o para um r\u00e1pido e completo conhecimento e acolhimento de todas as gestantes mineiras\u201d, explica.<\/p>\n","protected":false},"excerpt":{"rendered":"<p>Gr\u00e1vida do primeiro filho, Vanessa de Sousa Santos, 20 anos, est\u00e1 recebendo durante sua gesta\u00e7\u00e3o o apoio do programa M\u00e3es de Minas. A estudante teve acesso \u00e0 iniciativa por meio de uma amiga que trabalha no posto de sa\u00fade de Carlos Chagas, ligou para o 155 e se cadastrou. \u201cEstava no segundo m\u00eas de gravidez. [&hellip;]<\/p>\n","protected":false},"author":1,"featured_media":20621,"comment_status":"open","ping_status":"closed","sticky":false,"template":"","format":"standard","meta":{"amp_status":"","footnotes":""},"categories":[120],"tags":[3984,3983],"class_list":["post-20620","post","type-post","status-publish","format-standard","has-post-thumbnail","hentry","category-jequi","tag-rede-maes-de-minas","tag-vales-do-jequitinhonha-e-mucuri-ja-possuem-mais-de-9-mil-gestantes-cadastradas-no-maes-de-minas"],"_links":{"self":[{"href":"https:\/\/aconteceunovale.com.br\/portal\/index.php?rest_route=\/wp\/v2\/posts\/20620","targetHints":{"allow":["GET"]}}],"collection":[{"href":"https:\/\/aconteceunovale.com.br\/portal\/index.php?rest_route=\/wp\/v2\/posts"}],"about":[{"href":"https:\/\/aconteceunovale.com.br\/portal\/index.php?rest_route=\/wp\/v2\/types\/post"}],"author":[{"embeddable":true,"href":"https:\/\/aconteceunovale.com.br\/portal\/index.php?rest_route=\/wp\/v2\/users\/1"}],"replies":[{"embeddable":true,"href":"https:\/\/aconteceunovale.com.br\/portal\/index.php?rest_route=%2Fwp%2Fv2%2Fcomments&post=20620"}],"version-history":[{"count":0,"href":"https:\/\/aconteceunovale.com.br\/portal\/index.php?rest_route=\/wp\/v2\/posts\/20620\/revisions"}],"wp:featuredmedia":[{"embeddable":true,"href":"https:\/\/aconteceunovale.com.br\/portal\/index.php?rest_route=\/wp\/v2\/media\/20621"}],"wp:attachment":[{"href":"https:\/\/aconteceunovale.com.br\/portal\/index.php?rest_route=%2Fwp%2Fv2%2Fmedia&parent=20620"}],"wp:term":[{"taxonomy":"category","embeddable":true,"href":"https:\/\/aconteceunovale.com.br\/portal\/index.php?rest_route=%2Fwp%2Fv2%2Fcategories&post=20620"},{"taxonomy":"post_tag","embeddable":true,"href":"https:\/\/aconteceunovale.com.br\/portal\/index.php?rest_route=%2Fwp%2Fv2%2Ftags&post=20620"}],"curies":[{"name":"wp","href":"https:\/\/api.w.org\/{rel}","templated":true}]}}