{"id":20611,"date":"2014-02-07T09:01:04","date_gmt":"2014-02-07T11:01:04","guid":{"rendered":"http:\/\/aconteceunovale.com.br\/portal\/?p=20611"},"modified":"2014-02-07T09:01:04","modified_gmt":"2014-02-07T11:01:04","slug":"homens-sao-presos-com-drogas-dentro-de-caixa-de-som","status":"publish","type":"post","link":"https:\/\/aconteceunovale.com.br\/portal\/?p=20611","title":{"rendered":"Homens s\u00e3o presos com drogas dentro de caixa de som"},"content":{"rendered":"<p>Policiais Civis de Montes Claros prenderam dois homens suspeitos de tr\u00e1fico de drogas, nesta quinta-feira (06 de fevereiro). Eles j\u00e1 tinham sido apreendidos pelo mesmo crime quando eram menores de idade.<\/p>\n<p>Segundo a PC, os dois estavam sendo monitorados h\u00e1 algum tempo. Os policiais tinham informa\u00e7\u00f5es de que eles traficavam na zona rural da cidade, na comunidade de Estreito de Miralta, onde foram presos.<\/p>\n<p>Com os suspeitos, a PC apreendeu coca\u00edna e maconha, al\u00e9m de material para embalar as subst\u00e2ncias e uma pequena quantia em dinheiro. A droga estava dentro de uma caixa de som, que ficava no bar da m\u00e3e de um dos criminosos.<\/p>\n<p><img decoding=\"async\" src=\"http:\/\/aconteceunovale.com.br\/portal\/wp-content\/uploads\/2014\/02\/presos_droga_caixa_de_som_moc.jpg\" alt=\"\" \/><br \/>\n<em>Os dois foram presos da zona rural de Montes Claros &#8211; (Foto: Divulga\u00e7\u00e3o \/ Pol\u00edcia Civil)<\/em><\/p>\n<p><em>(Inter TV Grande Minas)<\/em><\/p>\n","protected":false},"excerpt":{"rendered":"<p>Policiais Civis de Montes Claros prenderam dois homens suspeitos de tr\u00e1fico de drogas, nesta quinta-feira (06 de fevereiro). Eles j\u00e1 tinham sido apreendidos pelo mesmo crime quando eram menores de idade. Segundo a PC, os dois estavam sendo monitorados h\u00e1 algum tempo. Os policiais tinham informa\u00e7\u00f5es de que eles traficavam na zona rural da cidade, [&hellip;]<\/p>\n","protected":false},"author":1,"featured_media":20612,"comment_status":"open","ping_status":"closed","sticky":false,"template":"","format":"standard","meta":{"amp_status":"","footnotes":""},"categories":[1236],"tags":[3979,210],"class_list":["post-20611","post","type-post","status-publish","format-standard","has-post-thumbnail","hentry","category-norte_de_minas","tag-homens-sao-presos-com-drogas-dentro-de-caixa-de-som-em-montes-claros","tag-montes-claros"],"_links":{"self":[{"href":"https:\/\/aconteceunovale.com.br\/portal\/index.php?rest_route=\/wp\/v2\/posts\/20611","targetHints":{"allow":["GET"]}}],"collection":[{"href":"https:\/\/aconteceunovale.com.br\/portal\/index.php?rest_route=\/wp\/v2\/posts"}],"about":[{"href":"https:\/\/aconteceunovale.com.br\/portal\/index.php?rest_route=\/wp\/v2\/types\/post"}],"author":[{"embeddable":true,"href":"https:\/\/aconteceunovale.com.br\/portal\/index.php?rest_route=\/wp\/v2\/users\/1"}],"replies":[{"embeddable":true,"href":"https:\/\/aconteceunovale.com.br\/portal\/index.php?rest_route=%2Fwp%2Fv2%2Fcomments&post=20611"}],"version-history":[{"count":0,"href":"https:\/\/aconteceunovale.com.br\/portal\/index.php?rest_route=\/wp\/v2\/posts\/20611\/revisions"}],"wp:featuredmedia":[{"embeddable":true,"href":"https:\/\/aconteceunovale.com.br\/portal\/index.php?rest_route=\/wp\/v2\/media\/20612"}],"wp:attachment":[{"href":"https:\/\/aconteceunovale.com.br\/portal\/index.php?rest_route=%2Fwp%2Fv2%2Fmedia&parent=20611"}],"wp:term":[{"taxonomy":"category","embeddable":true,"href":"https:\/\/aconteceunovale.com.br\/portal\/index.php?rest_route=%2Fwp%2Fv2%2Fcategories&post=20611"},{"taxonomy":"post_tag","embeddable":true,"href":"https:\/\/aconteceunovale.com.br\/portal\/index.php?rest_route=%2Fwp%2Fv2%2Ftags&post=20611"}],"curies":[{"name":"wp","href":"https:\/\/api.w.org\/{rel}","templated":true}]}}