{"id":20590,"date":"2014-02-06T22:39:04","date_gmt":"2014-02-07T00:39:04","guid":{"rendered":"http:\/\/aconteceunovale.com.br\/portal\/?p=20590"},"modified":"2014-02-07T11:02:46","modified_gmt":"2014-02-07T13:02:46","slug":"estudantes-promovem-tumulto-em-escola-estadual-de-capelinha","status":"publish","type":"post","link":"https:\/\/aconteceunovale.com.br\/portal\/?p=20590","title":{"rendered":"Estudantes promovem tumulto em escola estadual de Capelinha"},"content":{"rendered":"<p><em><strong>(REDA\u00c7\u00c3O PORTAL ACONTECEU NO VALE &#8211; Rep\u00f3rter Mychael Paranhos)<\/strong><\/em><\/p>\n<p>Um grupo de estudantes promoveu um tumulto na noite desta quinta-feira (06 de fevereiro), na \u00e1rea externa pr\u00f3xima a Escola Estadual Professor Ant\u00f4nio Lago, na regi\u00e3o Central de Capelinha.<\/p>\n<p><img decoding=\"async\" src=\"http:\/\/aconteceunovale.com.br\/portal\/wp-content\/uploads\/2014\/02\/tumulto_alunos_eepal_06_02_5.jpg\" alt=\"\" \/><\/p>\n<p>Segundo informa\u00e7\u00f5es, a exalta\u00e7\u00e3o teve in\u00edcio quando os alunos foram informados de que algumas turmas teriam que ser remanejadas para o turno diurto (manh\u00e3 ou tarde).<\/p>\n<p>O remanejamento de alunos ser\u00e1 feito por determina\u00e7\u00e3o de uma resolu\u00e7\u00e3o da Secretaria Estadual de Educa\u00e7\u00e3o (<a href=\"http:\/\/aconteceunovale.com.br\/portal\/wp-content\/uploads\/2014\/02\/resolucao_see_2442.pdf\" target=\"_blank\"><strong>Resolu\u00e7\u00e3o 2442 de 07 de novembro de 2013 &#8211; CLIQUE AQUI<\/strong><\/a>) que pro\u00edbe menores de idade de estudarem no per\u00edodo noturno. De acordo com a legisla\u00e7\u00e3o s\u00f3 poder\u00e1 estudar a noite, estudantes maiores de 16 anos que possuem carteira assinada ou maiores de 14 inscritos em Programas de Menor Aprendiz. <\/p>\n<p>Na noite desta quinta, a dire\u00e7\u00e3o da escola foi at\u00e9 as turmas de primeiro ano do ensino m\u00e9dio para falar sobre a nova legisla\u00e7\u00e3o e os liberarem. Durante as explica\u00e7\u00f5es todos se comportaram bem, mas ao sa\u00edrem come\u00e7aram a gritar palavras de ordem, jogar pedra para dentro da escola, derrubar placas, e at\u00e9 uma bomba caseira foi atirada em dire\u00e7\u00e3o ao col\u00e9gio.<\/p>\n<p>A Pol\u00edcia Militar foi acionada e controlou a situa\u00e7\u00e3o.<\/p>\n<p><strong>GALERIA DE FOTOS:<\/strong><br \/>\n<em>(Fotos: Mychael Paranhos)<\/em><\/p>\n<p><img decoding=\"async\" src=\"http:\/\/aconteceunovale.com.br\/portal\/wp-content\/uploads\/2014\/02\/tumulto_alunos_eepal_06_02_1.jpg\" alt=\"\" \/><br \/>\n<img decoding=\"async\" src=\"http:\/\/aconteceunovale.com.br\/portal\/wp-content\/uploads\/2014\/02\/tumulto_alunos_eepal_06_02_3.jpg\" alt=\"\" \/><br \/>\n<img decoding=\"async\" src=\"http:\/\/aconteceunovale.com.br\/portal\/wp-content\/uploads\/2014\/02\/tumulto_alunos_eepal_06_02_4.jpg\" alt=\"\" \/><br \/>\n<img decoding=\"async\" src=\"http:\/\/aconteceunovale.com.br\/portal\/wp-content\/uploads\/2014\/02\/tumulto_alunos_eepal_06_02_2.jpg\" alt=\"\" \/><br \/>\n<img decoding=\"async\" src=\"http:\/\/aconteceunovale.com.br\/portal\/wp-content\/uploads\/2014\/02\/tumulto_alunos_eepal_06_02_6.jpg\" alt=\"\" \/><\/p>\n<p><em>(Fotos enviadas por um internauta mostra o momento do tumulto)<\/em><\/p>\n<p><img decoding=\"async\" src=\"http:\/\/aconteceunovale.com.br\/portal\/wp-content\/uploads\/2014\/02\/tumulto_alunos_eepal_06_02_7.jpg\" alt=\"\" \/><br \/>\n<img decoding=\"async\" src=\"http:\/\/aconteceunovale.com.br\/portal\/wp-content\/uploads\/2014\/02\/tumulto_alunos_eepal_06_02_8.jpg\" alt=\"\" \/><br \/>\n<img decoding=\"async\" src=\"http:\/\/aconteceunovale.com.br\/portal\/wp-content\/uploads\/2014\/02\/tumulto_alunos_eepal_06_02_9.jpg\" alt=\"\" \/><br \/>\n<img decoding=\"async\" src=\"http:\/\/aconteceunovale.com.br\/portal\/wp-content\/uploads\/2014\/02\/tumulto_alunos_eepal_06_02_10.jpg\" alt=\"\" \/><\/p>\n","protected":false},"excerpt":{"rendered":"<p>(REDA\u00c7\u00c3O PORTAL ACONTECEU NO VALE &#8211; Rep\u00f3rter Mychael Paranhos) Um grupo de estudantes promoveu um tumulto na noite desta quinta-feira (06 de fevereiro), na \u00e1rea externa pr\u00f3xima a Escola Estadual Professor Ant\u00f4nio Lago, na regi\u00e3o Central de Capelinha. Segundo informa\u00e7\u00f5es, a exalta\u00e7\u00e3o teve in\u00edcio quando os alunos foram informados de que algumas turmas teriam que [&hellip;]<\/p>\n","protected":false},"author":1,"featured_media":20597,"comment_status":"open","ping_status":"closed","sticky":false,"template":"","format":"standard","meta":{"amp_status":"","footnotes":""},"categories":[120],"tags":[132,1788,3974],"class_list":["post-20590","post","type-post","status-publish","format-standard","has-post-thumbnail","hentry","category-jequi","tag-capelinha","tag-escola-estadual-professor-antonio-lago","tag-estudantes-promovem-tumulto-em-escola-estadual-de-capelinha"],"_links":{"self":[{"href":"https:\/\/aconteceunovale.com.br\/portal\/index.php?rest_route=\/wp\/v2\/posts\/20590","targetHints":{"allow":["GET"]}}],"collection":[{"href":"https:\/\/aconteceunovale.com.br\/portal\/index.php?rest_route=\/wp\/v2\/posts"}],"about":[{"href":"https:\/\/aconteceunovale.com.br\/portal\/index.php?rest_route=\/wp\/v2\/types\/post"}],"author":[{"embeddable":true,"href":"https:\/\/aconteceunovale.com.br\/portal\/index.php?rest_route=\/wp\/v2\/users\/1"}],"replies":[{"embeddable":true,"href":"https:\/\/aconteceunovale.com.br\/portal\/index.php?rest_route=%2Fwp%2Fv2%2Fcomments&post=20590"}],"version-history":[{"count":0,"href":"https:\/\/aconteceunovale.com.br\/portal\/index.php?rest_route=\/wp\/v2\/posts\/20590\/revisions"}],"wp:featuredmedia":[{"embeddable":true,"href":"https:\/\/aconteceunovale.com.br\/portal\/index.php?rest_route=\/wp\/v2\/media\/20597"}],"wp:attachment":[{"href":"https:\/\/aconteceunovale.com.br\/portal\/index.php?rest_route=%2Fwp%2Fv2%2Fmedia&parent=20590"}],"wp:term":[{"taxonomy":"category","embeddable":true,"href":"https:\/\/aconteceunovale.com.br\/portal\/index.php?rest_route=%2Fwp%2Fv2%2Fcategories&post=20590"},{"taxonomy":"post_tag","embeddable":true,"href":"https:\/\/aconteceunovale.com.br\/portal\/index.php?rest_route=%2Fwp%2Fv2%2Ftags&post=20590"}],"curies":[{"name":"wp","href":"https:\/\/api.w.org\/{rel}","templated":true}]}}