{"id":20570,"date":"2014-02-06T20:52:03","date_gmt":"2014-02-06T22:52:03","guid":{"rendered":"http:\/\/aconteceunovale.com.br\/portal\/?p=20570"},"modified":"2014-02-07T00:21:52","modified_gmt":"2014-02-07T02:21:52","slug":"valadares-registra-o-6o-homicidio-em-apenas-6-dias-do-mes-de-fevereiro","status":"publish","type":"post","link":"https:\/\/aconteceunovale.com.br\/portal\/?p=20570","title":{"rendered":"Valadares registra o 6\u00ba homic\u00eddio em apenas 6 dias do m\u00eas de fevereiro"},"content":{"rendered":"<p>Desde 1\u00ba de fevereiro, at\u00e9 a tarde desta quinta-feira (06\/02), seis homic\u00eddios foram registrados em Governador Valadares, no Leste de Minas Gerais. A m\u00e9dia no m\u00eas \u00e9 de um assassinato por dia. O \u00faltimo foi registrado na tarde desta quinta, por volta das 16h, na Rua Presidente Kennedy, no Bairro Santa Rita.<\/p>\n<p>A v\u00edtima foi Mateus An\u00e1lio de Sousa, de 18 anos. De acordo com informa\u00e7\u00f5es passadas pela Pol\u00edcia Militar (PM), o jovem estava em uma bicicleta na companhia de dois rapazes quando um deles sacou uma arma e efetuou os disparos que atingiram Mateus, que morreu no local.<\/p>\n<p><img decoding=\"async\" src=\"http:\/\/aconteceunovale.com.br\/portal\/wp-content\/uploads\/2014\/02\/assassinato_06_02_gv.jpg\" alt=\"\" \/><br \/>\n<em>Na tarde desta quinta-feira (6), um jovem de apenas 18 anos foi morto a tiros em Valadares<\/p>\n<p>A Pol\u00edcia Militar informou que j\u00e1 tem informa\u00e7\u00f5es sobre esse crime que foram reveladas por uma den\u00fancia an\u00f4nima, atrav\u00e9s do telefone 181.<\/p>\n<p>&#8220;Vamos tentar obter mais informa\u00e7\u00f5es com pessoas do local, mas j\u00e1 sabemos inclusive que a v\u00edtima tinha v\u00e1rias passagens pela pol\u00edcia por homic\u00eddio, tentativa de homic\u00eddio, posse e porte ilegal de arma de fogo. Ele j\u00e1 estaria at\u00e9 avisado que poderia ser v\u00edtima de homic\u00eddio, segundo apuramos\u201d, afirma o capit\u00e3o Rafael Coura.<\/p>\n<p>Em n\u00fameros absolutos, em janeiro a pol\u00edcia registrou 18 homic\u00eddios, 10 a mais que o mesmo per\u00edodo de 2013. Nos \u00faltimos oito anos, o m\u00eas de janeiro foi o mais violento da cidade. Agora, a pol\u00edcia tenta evitar que fevereiro ultrapasse a marca negativa.<\/p>\n<p>Ao todo, j\u00e1 s\u00e3o 24 assassinatos registrados nos 37 primeiros dias do ano. Deste total, 4 foram no Bairro Santa Rita, de acordo com informa\u00e7\u00f5es da Pol\u00edcia Militar.<\/p>\n<p><em>(Inter TV dos Vales)<\/em><\/p>\n","protected":false},"excerpt":{"rendered":"<p>Desde 1\u00ba de fevereiro, at\u00e9 a tarde desta quinta-feira (06\/02), seis homic\u00eddios foram registrados em Governador Valadares, no Leste de Minas Gerais. A m\u00e9dia no m\u00eas \u00e9 de um assassinato por dia. O \u00faltimo foi registrado na tarde desta quinta, por volta das 16h, na Rua Presidente Kennedy, no Bairro Santa Rita. A v\u00edtima foi [&hellip;]<\/p>\n","protected":false},"author":1,"featured_media":20571,"comment_status":"open","ping_status":"closed","sticky":false,"template":"","format":"standard","meta":{"amp_status":"","footnotes":""},"categories":[121],"tags":[247,3968],"class_list":["post-20570","post","type-post","status-publish","format-standard","has-post-thumbnail","hentry","category-leste","tag-governador-valadares","tag-valadares-registra-o-6o-homicidio-em-apenas-6-dias-do-mes-de-fevereiro"],"_links":{"self":[{"href":"https:\/\/aconteceunovale.com.br\/portal\/index.php?rest_route=\/wp\/v2\/posts\/20570","targetHints":{"allow":["GET"]}}],"collection":[{"href":"https:\/\/aconteceunovale.com.br\/portal\/index.php?rest_route=\/wp\/v2\/posts"}],"about":[{"href":"https:\/\/aconteceunovale.com.br\/portal\/index.php?rest_route=\/wp\/v2\/types\/post"}],"author":[{"embeddable":true,"href":"https:\/\/aconteceunovale.com.br\/portal\/index.php?rest_route=\/wp\/v2\/users\/1"}],"replies":[{"embeddable":true,"href":"https:\/\/aconteceunovale.com.br\/portal\/index.php?rest_route=%2Fwp%2Fv2%2Fcomments&post=20570"}],"version-history":[{"count":0,"href":"https:\/\/aconteceunovale.com.br\/portal\/index.php?rest_route=\/wp\/v2\/posts\/20570\/revisions"}],"wp:featuredmedia":[{"embeddable":true,"href":"https:\/\/aconteceunovale.com.br\/portal\/index.php?rest_route=\/wp\/v2\/media\/20571"}],"wp:attachment":[{"href":"https:\/\/aconteceunovale.com.br\/portal\/index.php?rest_route=%2Fwp%2Fv2%2Fmedia&parent=20570"}],"wp:term":[{"taxonomy":"category","embeddable":true,"href":"https:\/\/aconteceunovale.com.br\/portal\/index.php?rest_route=%2Fwp%2Fv2%2Fcategories&post=20570"},{"taxonomy":"post_tag","embeddable":true,"href":"https:\/\/aconteceunovale.com.br\/portal\/index.php?rest_route=%2Fwp%2Fv2%2Ftags&post=20570"}],"curies":[{"name":"wp","href":"https:\/\/api.w.org\/{rel}","templated":true}]}}