{"id":20567,"date":"2014-02-06T19:06:55","date_gmt":"2014-02-06T21:06:55","guid":{"rendered":"http:\/\/aconteceunovale.com.br\/portal\/?p=20567"},"modified":"2014-02-06T19:08:14","modified_gmt":"2014-02-06T21:08:14","slug":"incra-requer-na-justica-direito-a-terras-para-regularizar-territorio-quilombola","status":"publish","type":"post","link":"https:\/\/aconteceunovale.com.br\/portal\/?p=20567","title":{"rendered":"Incra requer na Justi\u00e7a direito a terras para regularizar territ\u00f3rio quilombola no Norte de Minas"},"content":{"rendered":"<p>O Instituto Nacional de Coloniza\u00e7\u00e3o e Reforma Agr\u00e1ria (Incra) entrou com quatro a\u00e7\u00f5es na Justi\u00e7a para desapropriar fazendas localizadas entre os Munic\u00edpios de Verdel\u00e2ndia, Varzel\u00e2ndia e S\u00e3o Jo\u00e3o da Ponte, no Norte de Minas Gerais. O objetivo das a\u00e7\u00f5es \u00e9 regularizar as terras do territ\u00f3rio quilombola da comunidade Brejo dos Crioulos.<\/p>\n<p><img decoding=\"async\" src=\"http:\/\/aconteceunovale.com.br\/portal\/wp-content\/uploads\/2014\/01\/fazenda_torto_verdelandia.jpg\" alt=\"\" \/><br \/>\n<em>Sede da fazenda da Torta,  em Verdel\u00e2ndia que tamb\u00e9m \u00e9 alvo da disputa de terras na regi\u00e3o. (Foto: Michelly Oda)<\/em><\/p>\n<p>As a\u00e7\u00f5es, ajuizadas no dia 31 de janeiro, buscam o reconhecimento, como sendo direto dos quilombolas, de cerca de tr\u00eas mil hectares das fazendas Boa Vista, Arapu\u00e1\/Gramado e parte da fazenda  Morro Preto. A comunidade Brejo dos Crioulos, com cerca de 500 membros, reivindica um total de 17,3 mil hectares.<\/p>\n<p>Segundo o Incra, o valor das indeniza\u00e7\u00f5es pelas terras e benfeitorias dos tr\u00eas im\u00f3veis ser\u00e1 de R$ 5,1 milh\u00f5es. Ainda segundo o Instituto, o processo de desapropria\u00e7\u00e3o constitui fase avan\u00e7ada para regulariza\u00e7\u00e3o das terras.<\/p>\n<p>Caso a decis\u00e3o da Justi\u00e7a seja favor\u00e1vel ao Incra, ser\u00e1 feita a titula\u00e7\u00e3o coletiva da comunidade, em car\u00e1ter inalien\u00e1vel.<\/p>\n<p><em>(Fonte: Inter TV Grande Minas)<\/em><\/p>\n","protected":false},"excerpt":{"rendered":"<p>O Instituto Nacional de Coloniza\u00e7\u00e3o e Reforma Agr\u00e1ria (Incra) entrou com quatro a\u00e7\u00f5es na Justi\u00e7a para desapropriar fazendas localizadas entre os Munic\u00edpios de Verdel\u00e2ndia, Varzel\u00e2ndia e S\u00e3o Jo\u00e3o da Ponte, no Norte de Minas Gerais. O objetivo das a\u00e7\u00f5es \u00e9 regularizar as terras do territ\u00f3rio quilombola da comunidade Brejo dos Crioulos. Sede da fazenda da [&hellip;]<\/p>\n","protected":false},"author":1,"featured_media":18993,"comment_status":"open","ping_status":"closed","sticky":false,"template":"","format":"standard","meta":{"amp_status":"","footnotes":""},"categories":[1236],"tags":[3966,3967,2448,1713,1814],"class_list":["post-20567","post","type-post","status-publish","format-standard","has-post-thumbnail","hentry","category-norte_de_minas","tag-incra-requer-na-justica-direito-a-terras-para-regularizar-territorio-quilombola","tag-incra-requer-na-justica-direito-a-terras-para-regularizar-territorio-quilombola-no-norte-de-minas","tag-sao-joao-da-ponte","tag-varzelandia","tag-verdelandia"],"_links":{"self":[{"href":"https:\/\/aconteceunovale.com.br\/portal\/index.php?rest_route=\/wp\/v2\/posts\/20567","targetHints":{"allow":["GET"]}}],"collection":[{"href":"https:\/\/aconteceunovale.com.br\/portal\/index.php?rest_route=\/wp\/v2\/posts"}],"about":[{"href":"https:\/\/aconteceunovale.com.br\/portal\/index.php?rest_route=\/wp\/v2\/types\/post"}],"author":[{"embeddable":true,"href":"https:\/\/aconteceunovale.com.br\/portal\/index.php?rest_route=\/wp\/v2\/users\/1"}],"replies":[{"embeddable":true,"href":"https:\/\/aconteceunovale.com.br\/portal\/index.php?rest_route=%2Fwp%2Fv2%2Fcomments&post=20567"}],"version-history":[{"count":0,"href":"https:\/\/aconteceunovale.com.br\/portal\/index.php?rest_route=\/wp\/v2\/posts\/20567\/revisions"}],"wp:featuredmedia":[{"embeddable":true,"href":"https:\/\/aconteceunovale.com.br\/portal\/index.php?rest_route=\/wp\/v2\/media\/18993"}],"wp:attachment":[{"href":"https:\/\/aconteceunovale.com.br\/portal\/index.php?rest_route=%2Fwp%2Fv2%2Fmedia&parent=20567"}],"wp:term":[{"taxonomy":"category","embeddable":true,"href":"https:\/\/aconteceunovale.com.br\/portal\/index.php?rest_route=%2Fwp%2Fv2%2Fcategories&post=20567"},{"taxonomy":"post_tag","embeddable":true,"href":"https:\/\/aconteceunovale.com.br\/portal\/index.php?rest_route=%2Fwp%2Fv2%2Ftags&post=20567"}],"curies":[{"name":"wp","href":"https:\/\/api.w.org\/{rel}","templated":true}]}}