{"id":20553,"date":"2014-02-06T17:28:05","date_gmt":"2014-02-06T19:28:05","guid":{"rendered":"http:\/\/aconteceunovale.com.br\/portal\/?p=20553"},"modified":"2014-02-06T17:28:40","modified_gmt":"2014-02-06T19:28:40","slug":"funcionarios-do-hospital-municipal-de-valadares-fazem-manifestacao","status":"publish","type":"post","link":"https:\/\/aconteceunovale.com.br\/portal\/?p=20553","title":{"rendered":"Funcion\u00e1rios do Hospital Municipal de Governador Valadares fazem manifesta\u00e7\u00e3o"},"content":{"rendered":"<p>Funcion\u00e1rios do Hospital Municipal de Governador Valadares, no Leste de Minas Gerais, fizeram uma manifesta\u00e7\u00e3o na manh\u00e3 desta quinta-feira (06 de fevereiro). O protesto foi pac\u00edfico e os manifestantes pediam esclarecimentos da Prefeitura quanto aos contracheques, que estariam errados.<\/p>\n<p><img decoding=\"async\" src=\"http:\/\/aconteceunovale.com.br\/portal\/wp-content\/uploads\/2014\/02\/protesto_h_m_gov_valadares_1.jpg\" alt=\"\" \/><br \/>\n<em>(Foto: Giuliano Almada Jr.)<\/em><\/p>\n<p>Os funcion\u00e1rios ainda n\u00e3o receberam os sal\u00e1rios, o pagamento est\u00e1 previsto para o dia 10 de fevereiro. Os manifestantes alegam que a quantidade de horas trabalhadas pelos servidores seria maior do que a apresentada no contracheque.<\/p>\n<p>A dire\u00e7\u00e3o do hospital conversou com os profissionais da sa\u00fade para esclarecer a situa\u00e7\u00e3o da folha de pagamento. Segundo o diretor cl\u00ednico do hospital, Enes Candido, a administra\u00e7\u00e3o municipal vai fazer uma reuni\u00e3o com a diretoria do hospital para definir a carga hor\u00e1ria dos funcion\u00e1rios.<\/p>\n<p>Segundo a dire\u00e7\u00e3o do hospital, o atendimento aos pacientes n\u00e3o foi prejudicado.<\/p>\n<p><em>(Inter TV dos Vales)<\/em><\/p>\n","protected":false},"excerpt":{"rendered":"<p>Funcion\u00e1rios do Hospital Municipal de Governador Valadares, no Leste de Minas Gerais, fizeram uma manifesta\u00e7\u00e3o na manh\u00e3 desta quinta-feira (06 de fevereiro). O protesto foi pac\u00edfico e os manifestantes pediam esclarecimentos da Prefeitura quanto aos contracheques, que estariam errados. (Foto: Giuliano Almada Jr.) Os funcion\u00e1rios ainda n\u00e3o receberam os sal\u00e1rios, o pagamento est\u00e1 previsto para [&hellip;]<\/p>\n","protected":false},"author":1,"featured_media":20554,"comment_status":"open","ping_status":"closed","sticky":false,"template":"","format":"standard","meta":{"amp_status":"","footnotes":""},"categories":[121],"tags":[3960,247],"class_list":["post-20553","post","type-post","status-publish","format-standard","has-post-thumbnail","hentry","category-leste","tag-funcionarios-do-hospital-municipal-de-valadares-fazem-manifestacao","tag-governador-valadares"],"_links":{"self":[{"href":"https:\/\/aconteceunovale.com.br\/portal\/index.php?rest_route=\/wp\/v2\/posts\/20553","targetHints":{"allow":["GET"]}}],"collection":[{"href":"https:\/\/aconteceunovale.com.br\/portal\/index.php?rest_route=\/wp\/v2\/posts"}],"about":[{"href":"https:\/\/aconteceunovale.com.br\/portal\/index.php?rest_route=\/wp\/v2\/types\/post"}],"author":[{"embeddable":true,"href":"https:\/\/aconteceunovale.com.br\/portal\/index.php?rest_route=\/wp\/v2\/users\/1"}],"replies":[{"embeddable":true,"href":"https:\/\/aconteceunovale.com.br\/portal\/index.php?rest_route=%2Fwp%2Fv2%2Fcomments&post=20553"}],"version-history":[{"count":0,"href":"https:\/\/aconteceunovale.com.br\/portal\/index.php?rest_route=\/wp\/v2\/posts\/20553\/revisions"}],"wp:featuredmedia":[{"embeddable":true,"href":"https:\/\/aconteceunovale.com.br\/portal\/index.php?rest_route=\/wp\/v2\/media\/20554"}],"wp:attachment":[{"href":"https:\/\/aconteceunovale.com.br\/portal\/index.php?rest_route=%2Fwp%2Fv2%2Fmedia&parent=20553"}],"wp:term":[{"taxonomy":"category","embeddable":true,"href":"https:\/\/aconteceunovale.com.br\/portal\/index.php?rest_route=%2Fwp%2Fv2%2Fcategories&post=20553"},{"taxonomy":"post_tag","embeddable":true,"href":"https:\/\/aconteceunovale.com.br\/portal\/index.php?rest_route=%2Fwp%2Fv2%2Ftags&post=20553"}],"curies":[{"name":"wp","href":"https:\/\/api.w.org\/{rel}","templated":true}]}}