{"id":20549,"date":"2014-02-06T17:16:13","date_gmt":"2014-02-06T19:16:13","guid":{"rendered":"http:\/\/aconteceunovale.com.br\/portal\/?p=20549"},"modified":"2014-02-06T17:16:13","modified_gmt":"2014-02-06T19:16:13","slug":"vereador-recorre-a-justica-e-pede-interdicao-imediata-de-escolas-estaduais-em-capelinha","status":"publish","type":"post","link":"https:\/\/aconteceunovale.com.br\/portal\/?p=20549","title":{"rendered":"Vereador recorre \u00e1 justi\u00e7a e pede interdi\u00e7\u00e3o imediata de escolas estaduais em Capelinha"},"content":{"rendered":"<p>O vereador Jailson Pereira (PSD) recorreu ao Minist\u00e9rio P\u00fablico pedindo o embargo imediato de escolas estaduais que est\u00e3o em situa\u00e7\u00f5es de risco em Capelinha. <\/p>\n<p><img decoding=\"async\" src=\"http:\/\/aconteceunovale.com.br\/portal\/wp-content\/uploads\/2013\/12\/situacao_precaria_escolas_estaduais_cap_3.jpg\" alt=\"\" \/><\/p>\n<p>Veja abaixo na \u00edntegra a nota oficial divulgada pelo vereador nas redes sociais:<\/p>\n<p><em>Em dezembro eu estive na condi\u00e7\u00e3o de Vereador na Secretaria de Estado da Educa\u00e7\u00e3o em BH e naquela oportunidade apresentei fotos ilustrativas da situa\u00e7\u00e3o que se encontram as escolas de Capelinha.<\/p>\n<p>Ficaram de tomar provid\u00eancias e as aulas voltaram e nada foi feito. Quando vai acontecer um evento o Corpo de Bombeiros vem na cidade vistoriar estruturas para que n\u00e3o haja riscos de acidentes. E nossas escolas n\u00e3o precisam de vistorias? Os alunos da Escola Ant\u00f4nio Lago e Geralda Otoni como mostram as fotos est\u00e3o em risco no dia a dia e o Governo do Estado n\u00e3o faz nada. <\/p>\n<p>Jovens que tem problemas respirat\u00f3rios est\u00e3o expostos ao mofo p\u00f3s-chuvas e infiltra\u00e7\u00f5es e o governo faz de cego. Hoje minha paci\u00eancia se esgotou e apresentei uma den\u00fancia ao Minist\u00e9rio P\u00fablico pedindo o embargo imediato dessas escolas. Descaso total na educa\u00e7\u00e3o em Minas Gerais. Este ano \u00e9 ano eleitoral. <\/p>\n<p>Que nosso povo saiba retirar de l\u00e1 o que n\u00e3o presta e escolher o que presta. <\/p>\n<p>Que cada um possa compartilhar essas fotos absurdas de desrespeito enquanto o governo bombardeia a m\u00eddia com propagandas enganosas. Vamos gritar. Vamos denunciar, mas acima de tudo vamos agir.<\/em><\/p>\n<p><strong>GALERIA DE FOTOS:<\/strong><\/p>\n<p><strong>&#8211; Escola Estadual Professor Ant\u00f4nio Lago<\/strong><br \/>\n<div id='gallery-1' class='gallery galleryid-20549 gallery-columns-4 gallery-size-thumbnail'><figure class='gallery-item'>\n\t\t\t<div class='gallery-icon landscape'>\n\t\t\t\t<a href='https:\/\/aconteceunovale.com.br\/portal\/wp-content\/uploads\/2013\/12\/situacao_precaria_escolas_estaduais_cap_1.jpg'><img loading=\"lazy\" decoding=\"async\" width=\"150\" height=\"150\" src=\"https:\/\/aconteceunovale.com.br\/portal\/wp-content\/uploads\/2013\/12\/situacao_precaria_escolas_estaduais_cap_1-150x150.jpg\" class=\"attachment-thumbnail size-thumbnail\" alt=\"\" \/><\/a>\n\t\t\t<\/div><\/figure><figure class='gallery-item'>\n\t\t\t<div class='gallery-icon landscape'>\n\t\t\t\t<a href='https:\/\/aconteceunovale.com.br\/portal\/wp-content\/uploads\/2013\/12\/situacao_precaria_escolas_estaduais_cap_2.jpg'><img loading=\"lazy\" decoding=\"async\" width=\"150\" height=\"150\" src=\"https:\/\/aconteceunovale.com.br\/portal\/wp-content\/uploads\/2013\/12\/situacao_precaria_escolas_estaduais_cap_2-150x150.jpg\" class=\"attachment-thumbnail size-thumbnail\" alt=\"\" \/><\/a>\n\t\t\t<\/div><\/figure><figure class='gallery-item'>\n\t\t\t<div class='gallery-icon landscape'>\n\t\t\t\t<a href='https:\/\/aconteceunovale.com.br\/portal\/wp-content\/uploads\/2013\/12\/situacao_precaria_escolas_estaduais_cap_3.jpg'><img loading=\"lazy\" decoding=\"async\" width=\"150\" height=\"150\" src=\"https:\/\/aconteceunovale.com.br\/portal\/wp-content\/uploads\/2013\/12\/situacao_precaria_escolas_estaduais_cap_3-150x150.jpg\" class=\"attachment-thumbnail size-thumbnail\" alt=\"\" \/><\/a>\n\t\t\t<\/div><\/figure><figure class='gallery-item'>\n\t\t\t<div class='gallery-icon landscape'>\n\t\t\t\t<a href='https:\/\/aconteceunovale.com.br\/portal\/wp-content\/uploads\/2013\/12\/situacao_precaria_escolas_estaduais_cap_4.jpg'><img loading=\"lazy\" decoding=\"async\" width=\"150\" height=\"150\" src=\"https:\/\/aconteceunovale.com.br\/portal\/wp-content\/uploads\/2013\/12\/situacao_precaria_escolas_estaduais_cap_4-150x150.jpg\" class=\"attachment-thumbnail size-thumbnail\" alt=\"\" \/><\/a>\n\t\t\t<\/div><\/figure><figure class='gallery-item'>\n\t\t\t<div class='gallery-icon landscape'>\n\t\t\t\t<a href='https:\/\/aconteceunovale.com.br\/portal\/wp-content\/uploads\/2013\/12\/situacao_precaria_escolas_estaduais_cap_5.jpg'><img loading=\"lazy\" decoding=\"async\" width=\"150\" height=\"150\" src=\"https:\/\/aconteceunovale.com.br\/portal\/wp-content\/uploads\/2013\/12\/situacao_precaria_escolas_estaduais_cap_5-150x150.jpg\" class=\"attachment-thumbnail size-thumbnail\" alt=\"\" \/><\/a>\n\t\t\t<\/div><\/figure><figure class='gallery-item'>\n\t\t\t<div class='gallery-icon landscape'>\n\t\t\t\t<a href='https:\/\/aconteceunovale.com.br\/portal\/wp-content\/uploads\/2013\/12\/situacao_precaria_escolas_estaduais_cap_6.jpg'><img loading=\"lazy\" decoding=\"async\" width=\"150\" height=\"150\" src=\"https:\/\/aconteceunovale.com.br\/portal\/wp-content\/uploads\/2013\/12\/situacao_precaria_escolas_estaduais_cap_6-150x150.jpg\" class=\"attachment-thumbnail size-thumbnail\" alt=\"\" \/><\/a>\n\t\t\t<\/div><\/figure><figure class='gallery-item'>\n\t\t\t<div class='gallery-icon landscape'>\n\t\t\t\t<a href='https:\/\/aconteceunovale.com.br\/portal\/wp-content\/uploads\/2013\/12\/situacao_precaria_escolas_estaduais_cap_7.jpg'><img loading=\"lazy\" decoding=\"async\" width=\"150\" height=\"150\" src=\"https:\/\/aconteceunovale.com.br\/portal\/wp-content\/uploads\/2013\/12\/situacao_precaria_escolas_estaduais_cap_7-150x150.jpg\" class=\"attachment-thumbnail size-thumbnail\" alt=\"\" \/><\/a>\n\t\t\t<\/div><\/figure>\n\t\t<\/div>\n<\/p>\n<p><strong>&#8211; Escola Estadual Geralda Otoni Barbosa<\/strong><br \/>\n<div id='gallery-2' class='gallery galleryid-20549 gallery-columns-4 gallery-size-thumbnail'><figure class='gallery-item'>\n\t\t\t<div class='gallery-icon landscape'>\n\t\t\t\t<a href='https:\/\/aconteceunovale.com.br\/portal\/wp-content\/uploads\/2013\/12\/situacao_precaria_escolas_estaduais_cap_gb_1.jpg'><img loading=\"lazy\" decoding=\"async\" width=\"150\" height=\"150\" src=\"https:\/\/aconteceunovale.com.br\/portal\/wp-content\/uploads\/2013\/12\/situacao_precaria_escolas_estaduais_cap_gb_1-150x150.jpg\" class=\"attachment-thumbnail size-thumbnail\" alt=\"\" \/><\/a>\n\t\t\t<\/div><\/figure><figure class='gallery-item'>\n\t\t\t<div class='gallery-icon landscape'>\n\t\t\t\t<a href='https:\/\/aconteceunovale.com.br\/portal\/wp-content\/uploads\/2013\/12\/situacao_precaria_escolas_estaduais_cap_gb_2.jpg'><img loading=\"lazy\" decoding=\"async\" width=\"150\" height=\"150\" src=\"https:\/\/aconteceunovale.com.br\/portal\/wp-content\/uploads\/2013\/12\/situacao_precaria_escolas_estaduais_cap_gb_2-150x150.jpg\" class=\"attachment-thumbnail size-thumbnail\" alt=\"\" \/><\/a>\n\t\t\t<\/div><\/figure><figure class='gallery-item'>\n\t\t\t<div class='gallery-icon landscape'>\n\t\t\t\t<a href='https:\/\/aconteceunovale.com.br\/portal\/wp-content\/uploads\/2013\/12\/situacao_precaria_escolas_estaduais_cap_gb_3.jpg'><img loading=\"lazy\" decoding=\"async\" width=\"150\" height=\"150\" src=\"https:\/\/aconteceunovale.com.br\/portal\/wp-content\/uploads\/2013\/12\/situacao_precaria_escolas_estaduais_cap_gb_3-150x150.jpg\" class=\"attachment-thumbnail size-thumbnail\" alt=\"\" \/><\/a>\n\t\t\t<\/div><\/figure><figure class='gallery-item'>\n\t\t\t<div class='gallery-icon landscape'>\n\t\t\t\t<a href='https:\/\/aconteceunovale.com.br\/portal\/wp-content\/uploads\/2013\/12\/situacao_precaria_escolas_estaduais_cap_gb_4.jpg'><img loading=\"lazy\" decoding=\"async\" width=\"150\" height=\"150\" src=\"https:\/\/aconteceunovale.com.br\/portal\/wp-content\/uploads\/2013\/12\/situacao_precaria_escolas_estaduais_cap_gb_4-150x150.jpg\" class=\"attachment-thumbnail size-thumbnail\" alt=\"\" \/><\/a>\n\t\t\t<\/div><\/figure><figure class='gallery-item'>\n\t\t\t<div class='gallery-icon landscape'>\n\t\t\t\t<a href='https:\/\/aconteceunovale.com.br\/portal\/wp-content\/uploads\/2013\/12\/situacao_precaria_escolas_estaduais_cap_gb_5.jpg'><img loading=\"lazy\" decoding=\"async\" width=\"150\" height=\"150\" src=\"https:\/\/aconteceunovale.com.br\/portal\/wp-content\/uploads\/2013\/12\/situacao_precaria_escolas_estaduais_cap_gb_5-150x150.jpg\" class=\"attachment-thumbnail size-thumbnail\" alt=\"\" \/><\/a>\n\t\t\t<\/div><\/figure>\n\t\t<\/div>\n<\/p>\n<p>&#8211; <strong>Escola Estadual Dr Juscelino Barbosa<\/strong><br \/>\n<div id='gallery-3' class='gallery galleryid-20549 gallery-columns-4 gallery-size-thumbnail'><figure class='gallery-item'>\n\t\t\t<div class='gallery-icon landscape'>\n\t\t\t\t<a href='https:\/\/aconteceunovale.com.br\/portal\/wp-content\/uploads\/2013\/12\/situacao_precaria_escolas_estaduais_cap_jb_1.jpg'><img loading=\"lazy\" decoding=\"async\" width=\"150\" height=\"150\" src=\"https:\/\/aconteceunovale.com.br\/portal\/wp-content\/uploads\/2013\/12\/situacao_precaria_escolas_estaduais_cap_jb_1-150x150.jpg\" class=\"attachment-thumbnail size-thumbnail\" alt=\"\" \/><\/a>\n\t\t\t<\/div><\/figure><figure class='gallery-item'>\n\t\t\t<div class='gallery-icon landscape'>\n\t\t\t\t<a href='https:\/\/aconteceunovale.com.br\/portal\/wp-content\/uploads\/2013\/12\/situacao_precaria_escolas_estaduais_cap_jb_3.jpg'><img loading=\"lazy\" decoding=\"async\" width=\"150\" height=\"150\" src=\"https:\/\/aconteceunovale.com.br\/portal\/wp-content\/uploads\/2013\/12\/situacao_precaria_escolas_estaduais_cap_jb_3-150x150.jpg\" class=\"attachment-thumbnail size-thumbnail\" alt=\"\" \/><\/a>\n\t\t\t<\/div><\/figure><figure class='gallery-item'>\n\t\t\t<div class='gallery-icon landscape'>\n\t\t\t\t<a href='https:\/\/aconteceunovale.com.br\/portal\/wp-content\/uploads\/2013\/12\/situacao_precaria_escolas_estaduais_cap_jb_4.jpg'><img loading=\"lazy\" decoding=\"async\" width=\"150\" height=\"150\" src=\"https:\/\/aconteceunovale.com.br\/portal\/wp-content\/uploads\/2013\/12\/situacao_precaria_escolas_estaduais_cap_jb_4-150x150.jpg\" class=\"attachment-thumbnail size-thumbnail\" alt=\"\" \/><\/a>\n\t\t\t<\/div><\/figure><figure class='gallery-item'>\n\t\t\t<div class='gallery-icon landscape'>\n\t\t\t\t<a href='https:\/\/aconteceunovale.com.br\/portal\/wp-content\/uploads\/2013\/12\/situacao_precaria_escolas_estaduais_cap_jb_6.jpg'><img loading=\"lazy\" decoding=\"async\" width=\"150\" height=\"150\" src=\"https:\/\/aconteceunovale.com.br\/portal\/wp-content\/uploads\/2013\/12\/situacao_precaria_escolas_estaduais_cap_jb_6-150x150.jpg\" class=\"attachment-thumbnail size-thumbnail\" alt=\"\" \/><\/a>\n\t\t\t<\/div><\/figure>\n\t\t<\/div>\n<\/p>\n<p>Fotos: Jailson Pereira &#8211; Via Capelinha.net<\/p>\n","protected":false},"excerpt":{"rendered":"<p>O vereador Jailson Pereira (PSD) recorreu ao Minist\u00e9rio P\u00fablico pedindo o embargo imediato de escolas estaduais que est\u00e3o em situa\u00e7\u00f5es de risco em Capelinha. Veja abaixo na \u00edntegra a nota oficial divulgada pelo vereador nas redes sociais: Em dezembro eu estive na condi\u00e7\u00e3o de Vereador na Secretaria de Estado da Educa\u00e7\u00e3o em BH e naquela [&hellip;]<\/p>\n","protected":false},"author":1,"featured_media":15652,"comment_status":"open","ping_status":"closed","sticky":false,"template":"","format":"standard","meta":{"amp_status":"","footnotes":""},"categories":[120],"tags":[132,3959],"class_list":["post-20549","post","type-post","status-publish","format-standard","has-post-thumbnail","hentry","category-jequi","tag-capelinha","tag-vereador-recorre-a-justica-e-pede-interdicao-imediata-de-escolas-estaduais-em-capelinha"],"_links":{"self":[{"href":"https:\/\/aconteceunovale.com.br\/portal\/index.php?rest_route=\/wp\/v2\/posts\/20549","targetHints":{"allow":["GET"]}}],"collection":[{"href":"https:\/\/aconteceunovale.com.br\/portal\/index.php?rest_route=\/wp\/v2\/posts"}],"about":[{"href":"https:\/\/aconteceunovale.com.br\/portal\/index.php?rest_route=\/wp\/v2\/types\/post"}],"author":[{"embeddable":true,"href":"https:\/\/aconteceunovale.com.br\/portal\/index.php?rest_route=\/wp\/v2\/users\/1"}],"replies":[{"embeddable":true,"href":"https:\/\/aconteceunovale.com.br\/portal\/index.php?rest_route=%2Fwp%2Fv2%2Fcomments&post=20549"}],"version-history":[{"count":0,"href":"https:\/\/aconteceunovale.com.br\/portal\/index.php?rest_route=\/wp\/v2\/posts\/20549\/revisions"}],"wp:featuredmedia":[{"embeddable":true,"href":"https:\/\/aconteceunovale.com.br\/portal\/index.php?rest_route=\/wp\/v2\/media\/15652"}],"wp:attachment":[{"href":"https:\/\/aconteceunovale.com.br\/portal\/index.php?rest_route=%2Fwp%2Fv2%2Fmedia&parent=20549"}],"wp:term":[{"taxonomy":"category","embeddable":true,"href":"https:\/\/aconteceunovale.com.br\/portal\/index.php?rest_route=%2Fwp%2Fv2%2Fcategories&post=20549"},{"taxonomy":"post_tag","embeddable":true,"href":"https:\/\/aconteceunovale.com.br\/portal\/index.php?rest_route=%2Fwp%2Fv2%2Ftags&post=20549"}],"curies":[{"name":"wp","href":"https:\/\/api.w.org\/{rel}","templated":true}]}}