{"id":20480,"date":"2014-02-05T20:27:58","date_gmt":"2014-02-05T22:27:58","guid":{"rendered":"http:\/\/aconteceunovale.com.br\/portal\/?p=20480"},"modified":"2014-02-05T20:27:58","modified_gmt":"2014-02-05T22:27:58","slug":"crianca-de-8-anos-era-mantida-acorrentada-pela-avo-no-vale-do-jequitinhonha","status":"publish","type":"post","link":"https:\/\/aconteceunovale.com.br\/portal\/?p=20480","title":{"rendered":"Crian\u00e7a de 8 anos era mantida acorrentada pela av\u00f3 no Vale do Jequitinhonha"},"content":{"rendered":"<p>Um menino de 8 anos  foi libertado  por policiais militares, na tarde de ter\u00e7a-feira (04 de fevereiro) em Rio do Prado, regi\u00e3o do Baixo Vale do Jequitinhonha.<\/p>\n<p>Ele era mantido acorrentado pelos pulsos, na casa da av\u00f3, a dom\u00e9stica Cleida Maria Benta da Rocha, de 53 anos, residente no centro da cidade.<\/p>\n<p>A ponta da corrente ficava presa a um prego  em uma das paredes da casa,  e longe do alcance da crian\u00e7a. O garoto foi encontrado gra\u00e7as a uma den\u00fancia an\u00f4nima.<\/p>\n<p>De acordo com a av\u00f3, o menino era mantido preso para evitar que ele cometesse pequenos furtos. Segundo ela, o garoto sofre de dist\u00farbios mentais, mas a Pol\u00edcia Militar informou que n\u00e3o existe laudo que comprove a alega\u00e7\u00e3o da mulher. Ainda de acordo com  a Pol\u00edcia Militar, o menino \u00e9 \u00f3rf\u00e3o de m\u00e3e,  e vive h\u00e1 4 anos com a av\u00f3.<\/p>\n<p>O pai dele estaria cumprindo pena em Almenara devido ao envolvimento com drogas.<\/p>\n<p>A mulher foi levada, junto com o neto,  para a Delegacia de Almenara. A av\u00f3 do garoto foi autuada por maus tratos e  vai responder ao processo em liberdade.<\/p>\n<p>Ela dever\u00e1 continuar cuidando do menino at\u00e9 a defini\u00e7\u00e3o da sua  guarda definitiva.<\/p>\n<p>O Conselho Tutelar acompanhou a ocorr\u00eancia. O menino foi submetido a exames no hospital de Almenara.<\/p>\n<p><em>(Imagem ilustrativa)<\/em><br \/>\n<img decoding=\"async\" src=\"http:\/\/aconteceunovale.com.br\/portal\/wp-content\/uploads\/2014\/02\/acorrentado_rio_do_prado.jpg\" alt=\"\" \/><\/p>\n<p><em>(Gazeta de Ara\u00e7ua\u00ed)<\/em><\/p>\n","protected":false},"excerpt":{"rendered":"<p>Um menino de 8 anos foi libertado por policiais militares, na tarde de ter\u00e7a-feira (04 de fevereiro) em Rio do Prado, regi\u00e3o do Baixo Vale do Jequitinhonha. Ele era mantido acorrentado pelos pulsos, na casa da av\u00f3, a dom\u00e9stica Cleida Maria Benta da Rocha, de 53 anos, residente no centro da cidade. A ponta da [&hellip;]<\/p>\n","protected":false},"author":1,"featured_media":20481,"comment_status":"open","ping_status":"closed","sticky":false,"template":"","format":"standard","meta":{"amp_status":"","footnotes":""},"categories":[120],"tags":[3929,3927,3928],"class_list":["post-20480","post","type-post","status-publish","format-standard","has-post-thumbnail","hentry","category-jequi","tag-cleida-maria-benta-da-rocha","tag-crianca-de-8-anos-era-mantida-acorrentada-pela-avo-no-vale-do-jequitinhonha","tag-rio-do-prado"],"_links":{"self":[{"href":"https:\/\/aconteceunovale.com.br\/portal\/index.php?rest_route=\/wp\/v2\/posts\/20480","targetHints":{"allow":["GET"]}}],"collection":[{"href":"https:\/\/aconteceunovale.com.br\/portal\/index.php?rest_route=\/wp\/v2\/posts"}],"about":[{"href":"https:\/\/aconteceunovale.com.br\/portal\/index.php?rest_route=\/wp\/v2\/types\/post"}],"author":[{"embeddable":true,"href":"https:\/\/aconteceunovale.com.br\/portal\/index.php?rest_route=\/wp\/v2\/users\/1"}],"replies":[{"embeddable":true,"href":"https:\/\/aconteceunovale.com.br\/portal\/index.php?rest_route=%2Fwp%2Fv2%2Fcomments&post=20480"}],"version-history":[{"count":0,"href":"https:\/\/aconteceunovale.com.br\/portal\/index.php?rest_route=\/wp\/v2\/posts\/20480\/revisions"}],"wp:featuredmedia":[{"embeddable":true,"href":"https:\/\/aconteceunovale.com.br\/portal\/index.php?rest_route=\/wp\/v2\/media\/20481"}],"wp:attachment":[{"href":"https:\/\/aconteceunovale.com.br\/portal\/index.php?rest_route=%2Fwp%2Fv2%2Fmedia&parent=20480"}],"wp:term":[{"taxonomy":"category","embeddable":true,"href":"https:\/\/aconteceunovale.com.br\/portal\/index.php?rest_route=%2Fwp%2Fv2%2Fcategories&post=20480"},{"taxonomy":"post_tag","embeddable":true,"href":"https:\/\/aconteceunovale.com.br\/portal\/index.php?rest_route=%2Fwp%2Fv2%2Ftags&post=20480"}],"curies":[{"name":"wp","href":"https:\/\/api.w.org\/{rel}","templated":true}]}}