{"id":20476,"date":"2014-02-05T20:16:14","date_gmt":"2014-02-05T22:16:14","guid":{"rendered":"http:\/\/aconteceunovale.com.br\/portal\/?p=20476"},"modified":"2014-02-05T20:16:14","modified_gmt":"2014-02-05T22:16:14","slug":"aracuai-90-alunos-do-pronatec-recebem-diploma-de-curso-profissionalizante","status":"publish","type":"post","link":"https:\/\/aconteceunovale.com.br\/portal\/?p=20476","title":{"rendered":"ARA\u00c7UA\u00cd: 90 alunos do PRONATEC recebem diploma de curso profissionalizante"},"content":{"rendered":"<p>90 alunos de 4 cursos de qualifica\u00e7\u00e3o profissional receberam diploma: operador de computador, desenhista de produtos gr\u00e1ficos, e 2 turmas de eletricista instalador predial de baixa tens\u00e3o.<\/p>\n<p><img decoding=\"async\" src=\"http:\/\/aconteceunovale.com.br\/portal\/wp-content\/uploads\/2014\/02\/formandos_pronatec_ara_05_02_1.jpg\" alt=\"\" \/><\/p>\n<p>O prefeito Armando Jardim Paix\u00e3o participou da cerim\u00f4nia e afirmou a import\u00e2ncia da educa\u00e7\u00e3o para o desenvolvimento do Vale do Jequitinhonha. \u201c Voc\u00eas jovens n\u00e3o podem parar de estudar. A qualifica\u00e7\u00e3o profissional \u00e9 a melhor maneira de crescer como profissional e ser humano e \u00e9 um bem que ningu\u00e9m pode tirar de voc\u00eas.\u201d<\/p>\n<p>A cerim\u00f4nia de formatura foi realizada a partir das 19h, de 31.01.14, no Clube Calhauzinho, no centro da cidade. Os cursos do PRONATEC\/ Brasil Sem Mis\u00e9ria, foram ofertados pelo Sistema Federa\u00e7\u00e3o das Ind\u00fastrias do Estado de Minas Gerais, atrav\u00e9s do SENAI Ara\u00e7ua\u00ed Unidade Integrada. <\/p>\n<p><img decoding=\"async\" src=\"http:\/\/aconteceunovale.com.br\/portal\/wp-content\/uploads\/2014\/02\/formandos_pronatec_ara_05_02_2.jpg\" alt=\"\" \/><br \/>\n<em>Prefeito de Ara\u00e7ua\u00ed Armando Jardim entrega diploma a formanda.<\/em><\/p>\n<p>A Prefeitura Municipal de Ara\u00e7ua\u00ed atrav\u00e9s da Secretaria Municipal de Desenvolvimento Social e a Equipe do Programa Nacional de Promo\u00e7\u00e3o do Acesso ao Mundo do trabalho \u2013 ACESSUAS TRABALHO tiveram a honra de entregar os certificados aos formandos. <\/p>\n<p>Desta forma, a Prefeitura realiza em parceria com o SENAI, uma pol\u00edtica de responsabilidade social e forma\u00e7\u00e3o de for\u00e7a produtiva e qualificada para o p\u00fablico local e regional. Al\u00e9m disso, possibilita aos jovens e adultos a oportunidade de adquirirem compet\u00eancias profissionais para atuarem no mundo do trabalho.<\/p>\n<p><em>(Fotos e informa\u00e7\u00f5es Blog do Banu)<\/em><\/p>\n","protected":false},"excerpt":{"rendered":"<p>90 alunos de 4 cursos de qualifica\u00e7\u00e3o profissional receberam diploma: operador de computador, desenhista de produtos gr\u00e1ficos, e 2 turmas de eletricista instalador predial de baixa tens\u00e3o. O prefeito Armando Jardim Paix\u00e3o participou da cerim\u00f4nia e afirmou a import\u00e2ncia da educa\u00e7\u00e3o para o desenvolvimento do Vale do Jequitinhonha. \u201c Voc\u00eas jovens n\u00e3o podem parar de [&hellip;]<\/p>\n","protected":false},"author":1,"featured_media":20478,"comment_status":"open","ping_status":"closed","sticky":false,"template":"","format":"standard","meta":{"amp_status":"","footnotes":""},"categories":[120],"tags":[3926,186],"class_list":["post-20476","post","type-post","status-publish","format-standard","has-post-thumbnail","hentry","category-jequi","tag-90-alunos-do-pronatec-recebem-diploma-de-curso-profissionalizante-em-aracuai","tag-aracuai"],"_links":{"self":[{"href":"https:\/\/aconteceunovale.com.br\/portal\/index.php?rest_route=\/wp\/v2\/posts\/20476","targetHints":{"allow":["GET"]}}],"collection":[{"href":"https:\/\/aconteceunovale.com.br\/portal\/index.php?rest_route=\/wp\/v2\/posts"}],"about":[{"href":"https:\/\/aconteceunovale.com.br\/portal\/index.php?rest_route=\/wp\/v2\/types\/post"}],"author":[{"embeddable":true,"href":"https:\/\/aconteceunovale.com.br\/portal\/index.php?rest_route=\/wp\/v2\/users\/1"}],"replies":[{"embeddable":true,"href":"https:\/\/aconteceunovale.com.br\/portal\/index.php?rest_route=%2Fwp%2Fv2%2Fcomments&post=20476"}],"version-history":[{"count":0,"href":"https:\/\/aconteceunovale.com.br\/portal\/index.php?rest_route=\/wp\/v2\/posts\/20476\/revisions"}],"wp:featuredmedia":[{"embeddable":true,"href":"https:\/\/aconteceunovale.com.br\/portal\/index.php?rest_route=\/wp\/v2\/media\/20478"}],"wp:attachment":[{"href":"https:\/\/aconteceunovale.com.br\/portal\/index.php?rest_route=%2Fwp%2Fv2%2Fmedia&parent=20476"}],"wp:term":[{"taxonomy":"category","embeddable":true,"href":"https:\/\/aconteceunovale.com.br\/portal\/index.php?rest_route=%2Fwp%2Fv2%2Fcategories&post=20476"},{"taxonomy":"post_tag","embeddable":true,"href":"https:\/\/aconteceunovale.com.br\/portal\/index.php?rest_route=%2Fwp%2Fv2%2Ftags&post=20476"}],"curies":[{"name":"wp","href":"https:\/\/api.w.org\/{rel}","templated":true}]}}