{"id":20364,"date":"2014-02-04T22:00:48","date_gmt":"2014-02-05T00:00:48","guid":{"rendered":"http:\/\/aconteceunovale.com.br\/portal\/?p=20364"},"modified":"2014-02-04T22:00:48","modified_gmt":"2014-02-05T00:00:48","slug":"mulher-que-sofreu-aborto-apos-ter-internacao-negada-em-hospital-de-valadares-sera-indenizada","status":"publish","type":"post","link":"https:\/\/aconteceunovale.com.br\/portal\/?p=20364","title":{"rendered":"Mulher que sofreu aborto ap\u00f3s ter interna\u00e7\u00e3o negada em hospital de Valadares ser\u00e1 indenizada"},"content":{"rendered":"<p>Uma mulher que sofreu abordo ap\u00f3s ter interna\u00e7\u00e3o negada em hospital de Governador Valadares, no Vale do Rio Doce, ir\u00e1 receber R$ 10 mil de indeniza\u00e7\u00e3o por danos morais. A decis\u00e3o \u00e9 da 11\u00aa C\u00e2mara C\u00edvel do Tribunal de Justi\u00e7a de Minas Gerais (TJMG).<\/p>\n<p>No processo, a indenizada afirmou que possu\u00eda um plano de sa\u00fade conveniado \u00e0 unidade de sa\u00fade que n\u00e3o a recebeu e que precisou de atendimento m\u00e9dico urgente depois de sofrer sangramento. No entanto, a unidade de sa\u00fade negou o tratamento sob a alega\u00e7\u00e3o de que o plano n\u00e3o cobria obstetr\u00edcia, apenas consultas e exames, e que n\u00e3o se tratava de um caso de emerg\u00eancia. Com a negativa, a gestante foi levada para o hospital municipal por seu marido, mas, depois de ser atendida e internada, perdeu o beb\u00ea que esperava.<\/p>\n<p>Em primeira inst\u00e2ncia, o juiz Amaury Silva, da 6\u00aa Vara C\u00edvel de Governador Valadares, julgou procedente o pedido e condenou o hospital e maternidade Santa Terezinha a pagar a indeniza\u00e7\u00e3o. Por\u00e9m, o hospital recorreu ao Tribunal de Justi\u00e7a pedindo que fosse revista a senten\u00e7a ou, caso mantida a condena\u00e7\u00e3o, que o valor da indeniza\u00e7\u00e3o fosse reduzido.<\/p>\n<p>Ao analisar o recurso, o desembargador relator, Wanderley Paiva, negou provimento ao recurso. Para o magistrado, ainda que o plano de sa\u00fade da gestante n\u00e3o tivesse cobertura para obstetr\u00edcia, o hospital n\u00e3o poderia deixar de atend\u00ea-la, pois o quadro era de urg\u00eancia. \u201cInadequada a atua\u00e7\u00e3o dos funcion\u00e1rios da empresa, os quais possuem treinamento para lidar com a an\u00e1lise de situa\u00e7\u00f5es de emerg\u00eancia, ou ao menos \u00e9 isso que se espera neste tipo de servi\u00e7o, em agirem com o m\u00e1ximo de urg\u00eancia no atendimento de uma gestante, com sangramento\u201d, afirmou o desembargador. Com esse entendimento, o relator manteve a senten\u00e7a de primeira inst\u00e2ncia, tendo seu voto acompanhado pelos desembargadores Alexandre Santiago e Mariza de Melo Porto. <\/p>\n<p><em>(Imagem ilustrativa)<\/em><br \/>\n<img decoding=\"async\" src=\"http:\/\/aconteceunovale.com.br\/portal\/wp-content\/uploads\/2014\/02\/aborto_gv.jpg\" alt=\"\" \/><\/p>\n<p><em>(Via Hoje em Dia, com informa\u00e7\u00f5es do TJMG) <\/em><\/p>\n","protected":false},"excerpt":{"rendered":"<p>Uma mulher que sofreu abordo ap\u00f3s ter interna\u00e7\u00e3o negada em hospital de Governador Valadares, no Vale do Rio Doce, ir\u00e1 receber R$ 10 mil de indeniza\u00e7\u00e3o por danos morais. A decis\u00e3o \u00e9 da 11\u00aa C\u00e2mara C\u00edvel do Tribunal de Justi\u00e7a de Minas Gerais (TJMG). No processo, a indenizada afirmou que possu\u00eda um plano de sa\u00fade [&hellip;]<\/p>\n","protected":false},"author":1,"featured_media":20365,"comment_status":"open","ping_status":"closed","sticky":false,"template":"","format":"standard","meta":{"amp_status":"","footnotes":""},"categories":[121],"tags":[247,3894],"class_list":["post-20364","post","type-post","status-publish","format-standard","has-post-thumbnail","hentry","category-leste","tag-governador-valadares","tag-mulher-que-sofreu-aborto-apos-ter-internacao-negada-em-hospital-de-valadares-sera-indenizada"],"_links":{"self":[{"href":"https:\/\/aconteceunovale.com.br\/portal\/index.php?rest_route=\/wp\/v2\/posts\/20364","targetHints":{"allow":["GET"]}}],"collection":[{"href":"https:\/\/aconteceunovale.com.br\/portal\/index.php?rest_route=\/wp\/v2\/posts"}],"about":[{"href":"https:\/\/aconteceunovale.com.br\/portal\/index.php?rest_route=\/wp\/v2\/types\/post"}],"author":[{"embeddable":true,"href":"https:\/\/aconteceunovale.com.br\/portal\/index.php?rest_route=\/wp\/v2\/users\/1"}],"replies":[{"embeddable":true,"href":"https:\/\/aconteceunovale.com.br\/portal\/index.php?rest_route=%2Fwp%2Fv2%2Fcomments&post=20364"}],"version-history":[{"count":0,"href":"https:\/\/aconteceunovale.com.br\/portal\/index.php?rest_route=\/wp\/v2\/posts\/20364\/revisions"}],"wp:featuredmedia":[{"embeddable":true,"href":"https:\/\/aconteceunovale.com.br\/portal\/index.php?rest_route=\/wp\/v2\/media\/20365"}],"wp:attachment":[{"href":"https:\/\/aconteceunovale.com.br\/portal\/index.php?rest_route=%2Fwp%2Fv2%2Fmedia&parent=20364"}],"wp:term":[{"taxonomy":"category","embeddable":true,"href":"https:\/\/aconteceunovale.com.br\/portal\/index.php?rest_route=%2Fwp%2Fv2%2Fcategories&post=20364"},{"taxonomy":"post_tag","embeddable":true,"href":"https:\/\/aconteceunovale.com.br\/portal\/index.php?rest_route=%2Fwp%2Fv2%2Ftags&post=20364"}],"curies":[{"name":"wp","href":"https:\/\/api.w.org\/{rel}","templated":true}]}}