{"id":20358,"date":"2014-02-04T20:48:27","date_gmt":"2014-02-04T22:48:27","guid":{"rendered":"http:\/\/aconteceunovale.com.br\/portal\/?p=20358"},"modified":"2014-02-04T20:54:36","modified_gmt":"2014-02-04T22:54:36","slug":"apagao-deixa-ao-menos-9-cidades-dos-vales-do-jequitinhonha-e-mucuri-sem-energia","status":"publish","type":"post","link":"https:\/\/aconteceunovale.com.br\/portal\/?p=20358","title":{"rendered":"&#8216;Apag\u00e3o&#8217; deixa ao menos 9 cidades dos Vales do Jequitinhonha e Mucuri sem energia"},"content":{"rendered":"<p>O Operador Nacional do Sistema El\u00e9trico (ONS) informou que foi registrada nesta ter\u00e7a-feira (04\/02) uma falha em uma linha de energia que liga o Norte ao Sudeste. A interrup\u00e7\u00e3o provocou falta de luz em todos os estados do Sudeste, Sul e Centro-Oeste e no Tocantins, na regi\u00e3o Norte. Ao menos 11 estados tiveram o fornecimento de eletricidade comprometido.<\/p>\n<p>Foram parcialmente atingidos os munic\u00edpios de Pot\u00e9, Malacacheta, Francisc\u00f3polis, Setubinha e Ladainha no Vale do Mucuri e Novo Cruzeiro, Chapada do Norte, Jenipapo de Minas e Cara\u00ed, no Vale do jequitinhonha.<\/p>\n<p>O \u00f3rg\u00e3o n\u00e3o soube informar quantas pessoas foram afetadas pelo problema, que aconteceu \u00e0s 14h03. De acordo com o ONS, a energia come\u00e7ou a ser restabelecida 35 minutos depois.<\/p>\n<p>A Companhia Energ\u00e9tica de Minas Gerais (Cemig) tamb\u00e9m informou, atrav\u00e9s de nota, que o sistema el\u00e9trico que atende os consumidores de Minas Gerais foi afetado, nesta tarde, por um dist\u00farbio que teve origem no Sistema Interligado Nacional, provocando perda de carga e consequente interrup\u00e7\u00e3o de energia el\u00e9trica, pelo per\u00edodo m\u00e1ximo de 56 minutos. Ainda segundo a nota,cerca de 230 mil de um total de 7,5 milh\u00f5es de consumidores da Empresa foram afetados.<\/p>\n<p><em>(Imagem ilustrativa)<\/em><br \/>\n<img decoding=\"async\" src=\"http:\/\/aconteceunovale.com.br\/portal\/wp-content\/uploads\/2014\/02\/falta_de_ernergia_vela.jpg\" alt=\"\" \/><\/p>\n<p><em>(Fonte: Inter TV dos Vales)<\/em><\/p>\n","protected":false},"excerpt":{"rendered":"<p>O Operador Nacional do Sistema El\u00e9trico (ONS) informou que foi registrada nesta ter\u00e7a-feira (04\/02) uma falha em uma linha de energia que liga o Norte ao Sudeste. A interrup\u00e7\u00e3o provocou falta de luz em todos os estados do Sudeste, Sul e Centro-Oeste e no Tocantins, na regi\u00e3o Norte. Ao menos 11 estados tiveram o fornecimento [&hellip;]<\/p>\n","protected":false},"author":1,"featured_media":20359,"comment_status":"open","ping_status":"closed","sticky":false,"template":"","format":"standard","meta":{"amp_status":"","footnotes":""},"categories":[123],"tags":[3893,490,481,1089,1218,344,226,175,3139,168],"class_list":["post-20358","post","type-post","status-publish","format-standard","has-post-thumbnail","hentry","category-gerais","tag-apagao-deixa-ao-menos-9-cidades-dos-vales-do-jequitinhonha-e-mucuri-sem-energia","tag-carai","tag-chapada-do-norte","tag-franciscopolis","tag-jenipapo-de-minas","tag-ladainha","tag-malacacheta","tag-novo-cruzeiro","tag-pote","tag-setubinha"],"_links":{"self":[{"href":"https:\/\/aconteceunovale.com.br\/portal\/index.php?rest_route=\/wp\/v2\/posts\/20358","targetHints":{"allow":["GET"]}}],"collection":[{"href":"https:\/\/aconteceunovale.com.br\/portal\/index.php?rest_route=\/wp\/v2\/posts"}],"about":[{"href":"https:\/\/aconteceunovale.com.br\/portal\/index.php?rest_route=\/wp\/v2\/types\/post"}],"author":[{"embeddable":true,"href":"https:\/\/aconteceunovale.com.br\/portal\/index.php?rest_route=\/wp\/v2\/users\/1"}],"replies":[{"embeddable":true,"href":"https:\/\/aconteceunovale.com.br\/portal\/index.php?rest_route=%2Fwp%2Fv2%2Fcomments&post=20358"}],"version-history":[{"count":0,"href":"https:\/\/aconteceunovale.com.br\/portal\/index.php?rest_route=\/wp\/v2\/posts\/20358\/revisions"}],"wp:featuredmedia":[{"embeddable":true,"href":"https:\/\/aconteceunovale.com.br\/portal\/index.php?rest_route=\/wp\/v2\/media\/20359"}],"wp:attachment":[{"href":"https:\/\/aconteceunovale.com.br\/portal\/index.php?rest_route=%2Fwp%2Fv2%2Fmedia&parent=20358"}],"wp:term":[{"taxonomy":"category","embeddable":true,"href":"https:\/\/aconteceunovale.com.br\/portal\/index.php?rest_route=%2Fwp%2Fv2%2Fcategories&post=20358"},{"taxonomy":"post_tag","embeddable":true,"href":"https:\/\/aconteceunovale.com.br\/portal\/index.php?rest_route=%2Fwp%2Fv2%2Ftags&post=20358"}],"curies":[{"name":"wp","href":"https:\/\/api.w.org\/{rel}","templated":true}]}}