{"id":20350,"date":"2014-02-04T16:41:33","date_gmt":"2014-02-04T18:41:33","guid":{"rendered":"http:\/\/aconteceunovale.com.br\/portal\/?p=20350"},"modified":"2014-02-04T16:41:33","modified_gmt":"2014-02-04T18:41:33","slug":"seis-sao-detidos-por-posse-ilegal-de-armas-em-santana-do-paraiso","status":"publish","type":"post","link":"https:\/\/aconteceunovale.com.br\/portal\/?p=20350","title":{"rendered":"Seis s\u00e3o detidos por posse ilegal de armas em Santana do Para\u00edso"},"content":{"rendered":"<p>Cinco pessoas foram presas e um adolescente apreendido, nesta ter\u00e7a-feira (04\/02), suspeitos de posse ilegal de arma, em Santana do Para\u00edso, no Vale do A\u00e7o. O menor apreendido tem 15 anos, os homens presos t\u00eam entre 20 e 30 anos. Eles foram detidos ap\u00f3s uma abordagem de rotina da Pol\u00edcia Militar.<\/p>\n<p><img decoding=\"async\" src=\"http:\/\/aconteceunovale.com.br\/portal\/wp-content\/uploads\/2014\/02\/apreensao_santana_do_paraiso_4.jpg\" alt=\"\" \/><br \/>\n<em><strong>Armas e muni\u00e7\u00f5es foram apreendidas com os suspeitos <\/strong><\/em><\/p>\n<p>\u201cUma viatura que estava em servi\u00e7o viu um carro com quatro pessoas em atitude suspeita, quando foram abordar o ve\u00edculo, algu\u00e9m jogou algo de dentro do ve\u00edculo. Era uma pistola calibre 380, mas ningu\u00e9m assumiu ser o dono\u201d, diz o tenente Cleudis de Ara\u00fajo e Silva.<\/p>\n<p>Foram apreendidos celulares, muni\u00e7\u00f5es e tr\u00eas armas sendo que uma delas, segundo a PM, foi encontrada na casa de um dos suspeitos com uma crian\u00e7a de quatro anos.<\/p>\n<p>\u201cTr\u00eas pessoas que estavam no carro s\u00e3o irm\u00e3os, na sequ\u00eancia fomos at\u00e9 a casa deles e abordamos mais duas pessoas que estavam aguardando a chegada do pessoal. Quando entramos na casa, deparamos com uma cena inusitada. Uma crian\u00e7a de quatro anos segurando uma pistola 765 pelo cano e nos entregou. Depois encontramos outra arma jogada em um lote vago\u201d, finalizou tenente Silva.<\/p>\n<p>De acordo com a Pol\u00edcia Militar, o adolescente assumiu ser o propriet\u00e1rio de duas das armas encontradas e confessou a participa\u00e7\u00e3o em outros crimes, entre eles, a morte de um morador de rua que foi queimado em Ipaba em 2013.<\/p>\n<p>Os envolvidos foram encaminhados para a delegacia de Ipatinga.<\/p>\n<p><em>(Foto e informa\u00e7\u00f5es da Inter TV dos Vales)<\/em><\/p>\n","protected":false},"excerpt":{"rendered":"<p>Cinco pessoas foram presas e um adolescente apreendido, nesta ter\u00e7a-feira (04\/02), suspeitos de posse ilegal de arma, em Santana do Para\u00edso, no Vale do A\u00e7o. O menor apreendido tem 15 anos, os homens presos t\u00eam entre 20 e 30 anos. Eles foram detidos ap\u00f3s uma abordagem de rotina da Pol\u00edcia Militar. Armas e muni\u00e7\u00f5es foram [&hellip;]<\/p>\n","protected":false},"author":1,"featured_media":20351,"comment_status":"open","ping_status":"closed","sticky":false,"template":"","format":"standard","meta":{"amp_status":"","footnotes":""},"categories":[121],"tags":[2234,201,2101,3891],"class_list":["post-20350","post","type-post","status-publish","format-standard","has-post-thumbnail","hentry","category-leste","tag-ipaba","tag-ipatinga","tag-santana-do-paraiso","tag-seis-sao-detidos-por-posse-ilegal-de-armas-em-santana-do-paraiso"],"_links":{"self":[{"href":"https:\/\/aconteceunovale.com.br\/portal\/index.php?rest_route=\/wp\/v2\/posts\/20350","targetHints":{"allow":["GET"]}}],"collection":[{"href":"https:\/\/aconteceunovale.com.br\/portal\/index.php?rest_route=\/wp\/v2\/posts"}],"about":[{"href":"https:\/\/aconteceunovale.com.br\/portal\/index.php?rest_route=\/wp\/v2\/types\/post"}],"author":[{"embeddable":true,"href":"https:\/\/aconteceunovale.com.br\/portal\/index.php?rest_route=\/wp\/v2\/users\/1"}],"replies":[{"embeddable":true,"href":"https:\/\/aconteceunovale.com.br\/portal\/index.php?rest_route=%2Fwp%2Fv2%2Fcomments&post=20350"}],"version-history":[{"count":0,"href":"https:\/\/aconteceunovale.com.br\/portal\/index.php?rest_route=\/wp\/v2\/posts\/20350\/revisions"}],"wp:featuredmedia":[{"embeddable":true,"href":"https:\/\/aconteceunovale.com.br\/portal\/index.php?rest_route=\/wp\/v2\/media\/20351"}],"wp:attachment":[{"href":"https:\/\/aconteceunovale.com.br\/portal\/index.php?rest_route=%2Fwp%2Fv2%2Fmedia&parent=20350"}],"wp:term":[{"taxonomy":"category","embeddable":true,"href":"https:\/\/aconteceunovale.com.br\/portal\/index.php?rest_route=%2Fwp%2Fv2%2Fcategories&post=20350"},{"taxonomy":"post_tag","embeddable":true,"href":"https:\/\/aconteceunovale.com.br\/portal\/index.php?rest_route=%2Fwp%2Fv2%2Ftags&post=20350"}],"curies":[{"name":"wp","href":"https:\/\/api.w.org\/{rel}","templated":true}]}}