{"id":20268,"date":"2014-02-04T00:56:15","date_gmt":"2014-02-04T02:56:15","guid":{"rendered":"http:\/\/aconteceunovale.com.br\/portal\/?p=20268"},"modified":"2014-02-04T01:22:58","modified_gmt":"2014-02-04T03:22:58","slug":"entrevista-exclusiva-delegado-do-vale-do-jequitinhonha-assume-delegacia-no-estado-de-goias","status":"publish","type":"post","link":"https:\/\/aconteceunovale.com.br\/portal\/?p=20268","title":{"rendered":"ENTREVISTA EXCLUSIVA: Delegado do Vale do Jequitinhonha assume delegacia no estado de Goi\u00e1s"},"content":{"rendered":"<p><strong>Por Vicente Alves \/ Andr\u00e9 Tameir\u00e3o<\/strong><\/p>\n<p>O Portal Aconteceu no Vale entrevistou na noite desta segunda-feira, 03 de janeiro, o Delegado Olemar Miranda Santiago. Olemar foi recentemente empossado Delegado de Pol\u00edcia da 1\u00ba Delegacia de Pol\u00edcia de Luzi\u00e2nia, no estado de Goi\u00e1s.<\/p>\n<p><img decoding=\"async\" src=\"http:\/\/aconteceunovale.com.br\/portal\/wp-content\/uploads\/2014\/02\/delegado_vale_assume_delegacia_luziania_go_2.jpg\" alt=\"\" \/><br \/>\n<em>(Samuel Pereira e Olemar Santiago &#8211; Foto: Arquivo Pessoal)<\/em><\/p>\n<p>Olemar Miranda Santiago \u00e9 natural de Diamantina, no Vale do Jequitinhonha, filho do ilustre Olemar Santiago Maciel, natural de Turmalina, e de Rosa Wilma Miranda Santiago, natural do Serro. Ambos advogados atuantes em Diamantina, onde residem.<\/p>\n<p>O delegado falou sobre sua forma\u00e7\u00e3o profissional, in\u00edcio de sua carreira, trabalho com a fam\u00edlia em Diamantina e sobre o trabalho que ser\u00e1 desenvolvido a frente da Delegacia de Pol\u00edcia de Luzi\u00e2nia. <\/p>\n<p>Olemar falou tamb\u00e9m sobre sua expectativa com rela\u00e7\u00e3o \u00e0 participa\u00e7\u00e3o de sua irm\u00e3 \u201cLet\u00edcia Santiago\u201d no reality show \u201cBig Brother Brasil\u201d da rede Globo de Televis\u00e3o.<\/p>\n<p><img decoding=\"async\" src=\"http:\/\/aconteceunovale.com.br\/portal\/wp-content\/uploads\/2014\/02\/delegado_vale_assume_delegacia_luziania_go_1.jpg\" alt=\"\" \/><br \/>\n<em>(Taylor Nascimento, Murillo Leal, Samuel Moura, Olemar Santiago, Yasser Yassine e Bruno Ramos &#8211; Foto: Arquivo Pessoal)<\/em><\/p>\n<p>Confira a entrevista na \u00edntegra: <\/p>\n<p><strong>Portal Aconteceu no Vale: Quando o senhor se formou?  <\/strong><\/p>\n<p><strong>Dr. Olemar Santiago: <\/strong>Eu me formei em julho de 2012 pela Universidade Federal de Minas Gerais (UFMG).<\/p>\n<p><strong>Portal Aconteceu no Vale: Como se preparou para alcan\u00e7ar esse objetivo? <\/strong><\/p>\n<p><strong>Dr. Olemar Santiago: <\/strong>A prepara\u00e7\u00e3o para concursos \u00e9 realmente uma prova de resist\u00eancia, perseveran\u00e7a e foco no objetivo. Esse concurso, por exemplo, teve o edital lan\u00e7ado no final de 2012, entretanto, como s\u00e3o v\u00e1rias etapas, s\u00f3 agora os profissionais est\u00e3o ingressando nos quadros da Pol\u00edcia Civil.<\/p>\n<p><strong>Portal Aconteceu no Vale: O senhor chegou a atuar como advogado tamb\u00e9m ou n\u00e3o?<\/strong><\/p>\n<p><strong>Dr. Olemar Santiago: <\/strong>Ainda no 9\u00ba per\u00edodo de faculdade eu logrei aprova\u00e7\u00e3o na prova da Ordem dos Advogados do Brasil (OAB). Assim, logo ap\u00f3s a formatura, iniciei meus trabalhos como advogado.<\/p>\n<p>Atuei no comit\u00ea eleitoral da campanha do ex-prefeito de Diamantina &#8220;Padre G\u00ea&#8221; nas elei\u00e7\u00f5es de 2012. Momento em que, juntamente com o escrit\u00f3rio do meu pai, Olemar Santiago Maciel, obtivemos vit\u00f3rias importantes como a paralisa\u00e7\u00e3o da CPI em curso, devido a graves erros.<\/p>\n<p>Concomitantemente com a advocacia, eu continuei estudando, visando, principalmente, o cargo de delegado de pol\u00edcia.<\/p>\n<p><strong>Portal Aconteceu no Vale: O senhor j\u00e1 fez um estudo da cidade em que est\u00e1 atuando? Quais ser\u00e3o as principais dificuldades que espera encontrar?<\/strong><\/p>\n<p><strong>Dr. Olemar Santiago: <\/strong>A cidade \u00e9 uma das mais perigosas do Estado de Goi\u00e1s e tamb\u00e9m do Brasil. Ela est\u00e1 localizada no entorno de Bras\u00edlia e, bem como as demais cidades do entorno, sofre com altos \u00edndices de viol\u00eancia. Tais \u00edndices s\u00e3o explicados pelos baixos investimentos em sa\u00fade, educa\u00e7\u00e3o e infraestrutura.<\/p>\n<p>J\u00e1 existem programas do governo federal e do Estado visando melhorar esta situa\u00e7\u00e3o e direcionar recursos para a regi\u00e3o.<br \/>\nDurante o plant\u00e3o, respondemos por 3 cidades: Luzi\u00e2nia, Cidade Ocidental e Cristalina.<\/p>\n<p><strong>Portal Aconteceu no Vale: Como o senhor &#8220;convive&#8221; com essa quest\u00e3o do alto \u00edndice de viol\u00eancia? Isso inibe os seus planejamentos?<\/strong><\/p>\n<p><strong>Dr. Olemar Santiago: <\/strong>Os altos \u00edndices de viol\u00eancias realmente s\u00e3o desafiadores, e acabam muitas vezes prejudicando a atua\u00e7\u00e3o da PC naquilo que ela realmente deveria focar, que \u00e9 a investiga\u00e7\u00e3o criminal e a desarticula\u00e7\u00e3o das quadrilhas e organiza\u00e7\u00f5es criminosas que agem.<\/p>\n<p>Muitas vezes a alta quantidade de atendimentos acabam tornando as Delegacias esp\u00e9cies de cart\u00f3rios.<\/p>\n<p>Entretanto, todo o planejamento que a nova dire\u00e7\u00e3o da PC no estado faz \u00e9 no sentido de desafogar as delegacias de expediente, permitindo que os Delegados tenham tempo para dar seguimento nas investiga\u00e7\u00f5es, atuando de forma inteligente e nas ra\u00edzes do problema.<\/p>\n<p><strong>Portal Aconteceu no Vale: Muito se fala sobre unifica\u00e7\u00e3o da PC e PM. O senhor pretende trabalhar em conjunto com a PM no combate ao crime na cidade de Luzi\u00e2nia?<\/strong><\/p>\n<p><strong>Dr. Olemar Santiago: <\/strong>O trabalho em parceria com a PM \u00e9 um dever nosso. Como institui\u00e7\u00f5es que dependem uma da outra mutuamente, enveredar em brigas institucionais e &#8220;quedas de bra\u00e7o&#8221; n\u00e3o resolvem nada. Pelo contr\u00e1rio, fazem prevalecer \u00e0 criminalidade e a bandidagem.<\/p>\n<p>Espero ter tranquilidade nesse aspecto, haja vista que meu pai foi advogado da PM durante v\u00e1rios anos, o que me possibilitou conhecer e ver a seriedade do trabalho desses profissionais.<\/p>\n<p><strong>Portal Aconteceu no Vale: Qual a sua expectativa \u00e0 frente da delegacia Luzi\u00e2nia? <\/strong><\/p>\n<p><strong>Dr. Olemar Santiago: <\/strong>Espero poder contribuir tamb\u00e9m n\u00e3o s\u00f3 na atividade fim que \u00e9 a investiga\u00e7\u00e3o criminal. Planejo trazer palestrantes aqui e fazer um trabalho preventivo antidrogas nas escolas. Algo parecido com o programa &#8220;PROERD&#8221; da PM. Isto porque n\u00e3o \u00e9 dif\u00edcil perceber que nas drogas, principalmente naquelas mais pesadas, \u00e9 que est\u00e1 a raiz da maioria dos problemas que afligem os cidad\u00e3os e que acabam por desaguar nas delegacias.<\/p>\n<p>Ainda estou conhecendo a cidade e estudando de que forma podemos colaborar para melhorar a percep\u00e7\u00e3o da popula\u00e7\u00e3o no que se refere \u00e0 PC. Quanto \u00e0 equipe com que trabalho, todas nossas conversas s\u00e3o no sentido de melhor atender aquela pessoa que chega fragilizada \u00e0 Delegacia. Isto \u00e9, a pessoa j\u00e1 chega machucada, ferida, humilhada, e muitas vezes \u00e9 vitimizada uma vez mais nos guich\u00eas das delegacias pela falta de aten\u00e7\u00e3o, falta de explica\u00e7\u00e3o do servidor que a recebe.<\/p>\n<p>Parafraseando aqui o Prof. e Delegado de Goi\u00e1s Edilson de Britto: \u00c9 dever do Delegado e de sua equipe dar uma resposta para o cidad\u00e3o que bate na porta da Delegacia, fazendo tudo que estiver ao seu alcance. Ainda assim, se n\u00e3o for poss\u00edvel resolver o problema, \u00e9 dever do Delegado informar porque n\u00e3o pode. Afinal, todos somos servidores p\u00fablicos, e \u00e9 pra isso que somos pagos.<\/p>\n<p><strong>Portal Aconteceu no Vale: Apoio da fam\u00edlia:<\/strong><\/p>\n<p><img decoding=\"async\" src=\"http:\/\/aconteceunovale.com.br\/portal\/wp-content\/uploads\/2014\/02\/delegado_vale_assume_delegacia_luziania_go_3.jpg\" alt=\"\" \/><br \/>\n<em>(Cimara (namorada), Let\u00edcia (irm\u00e3), Olemar filho, Rosa (m\u00e3e), Olemar pai, Henrique (irm\u00e3o) &#8211; Foto: Arquivo Pessoal)<\/em><\/p>\n<p><strong>Dr. Olemar Santiago: <\/strong>No meu caso, o apoio do meu pai e da minha m\u00e3e certamente foi fundamental. Desde pequeno sonhava em cursar direito e ser &#8220;advogado&#8221; como ele, mesmo sem ter uma no\u00e7\u00e3o do que era. Ser advogado juntamente com ele, feito j\u00faris e atuado nas mais diversas \u00e1reas foi muito gratificante pra mim e me ensinou muita coisa. A minha m\u00e3e tamb\u00e9m sempre soube compreender e me acalmar nos momentos em que o stress dos estudos come\u00e7am a passar da conta. Enfim, chegado o momento da aprova\u00e7\u00e3o, ver a felicidade nos olhos dos meus pais, do meu irm\u00e3o e da minha irm\u00e3 n\u00e3o tem pre\u00e7o.<\/p>\n<p><img decoding=\"async\" src=\"http:\/\/aconteceunovale.com.br\/portal\/wp-content\/uploads\/2014\/02\/delegado_vale_assume_delegacia_luziania_go_6.jpg\" alt=\"\" \/><br \/>\n<em>(Fam\u00edlia do Dr. Olemar Santiago &#8211; Foto: Arquivo pessoal)<\/em><\/p>\n<p><strong>Portal Aconteceu no Vale: Mudando um pouco de foco, como o senhor v\u00ea a participa\u00e7\u00e3o da sua irm\u00e3 &#8220;Let\u00edcia Santiago&#8221; no reality show &#8220;Big Brother Brasil&#8221;? Qual a sua expectativa?<\/strong><\/p>\n<p><img decoding=\"async\" src=\"http:\/\/aconteceunovale.com.br\/portal\/wp-content\/uploads\/2014\/02\/delegado_vale_assume_delegacia_luziania_go_4.jpg\" alt=\"\" \/><br \/>\n<em>(Dr. Olemar Santiago e Let\u00edcia Santiago &#8211; Foto: Arquivo pessoal)<\/em><\/p>\n<p><strong>Dr. Olemar Santiago: <\/strong>Todos n\u00f3s da fam\u00edlia temos muito orgulho da participa\u00e7\u00e3o dela, e \u00e9 claro, torcemos que ela ven\u00e7a o reality. Esperamos o apoio de todo mundo que conhece a fam\u00edlia, conhece a Let\u00edcia e sabe a pessoa maravilhosa e bacana que ela \u00e9.<\/p>\n<p><img decoding=\"async\" src=\"http:\/\/aconteceunovale.com.br\/portal\/wp-content\/uploads\/2014\/02\/delegado_vale_assume_delegacia_luziania_go_5.jpg\" alt=\"\" \/><br \/>\n<em>(Let\u00edcia Santiago &#8211; Foto: Arquivo pessoal)<\/em><\/p>\n<p>Convocamos todo o pessoal de Diamantina, Turmalina, Serro, Gouveia, Capelinha e regi\u00e3o para fazer mutir\u00f5es de vota\u00e7\u00e3o quando ela for indicada ao pared\u00e3o, afinal ela \u00e9 nossa representante no Vale.<\/p>\n<p><img decoding=\"async\" src=\"http:\/\/aconteceunovale.com.br\/portal\/wp-content\/uploads\/2014\/02\/delegado_vale_assume_delegacia_luziania_go_7.jpg\" alt=\"\" \/><br \/>\n<em>(Let\u00edcia Santiago &#8211; Foto: Arquivo pessoal)<\/em><\/p>\n<p><strong>Portal Aconteceu no Vale: Considera\u00e7\u00f5es finais:<\/strong><\/p>\n<p><strong>Dr. Olemar Santiago: <\/strong>Ao final, digo \u00e0queles que sonham em ingressar nos quadros da Pol\u00edcia Civil, sobretudo no cargo de Delegado, que n\u00e3o desistam dos seus sonhos. O sofrimento do concurso \u00e9 tempor\u00e1rio, j\u00e1 o cargo \u00e9 para a vida inteira, e s\u00f3 n\u00e3o alcan\u00e7a aquele que desiste. Ademais todos aqueles que alcan\u00e7am lembram com alegria da \u00e9poca do sofrimento. N\u00e3o se esque\u00e7am da fam\u00edlia e dos amigos verdadeiros, pois eles sofrer\u00e3o junto com voc\u00eas todo o isolamento e as dificuldades do per\u00edodo de estudo, e no momento da vit\u00f3ria sentir\u00e3o a vit\u00f3ria como se deles fossem. Um abra\u00e7o a todos e muito obrigado!<\/p>\n","protected":false},"excerpt":{"rendered":"<p>Por Vicente Alves \/ Andr\u00e9 Tameir\u00e3o O Portal Aconteceu no Vale entrevistou na noite desta segunda-feira, 03 de janeiro, o Delegado Olemar Miranda Santiago. Olemar foi recentemente empossado Delegado de Pol\u00edcia da 1\u00ba Delegacia de Pol\u00edcia de Luzi\u00e2nia, no estado de Goi\u00e1s. (Samuel Pereira e Olemar Santiago &#8211; Foto: Arquivo Pessoal) Olemar Miranda Santiago \u00e9 [&hellip;]<\/p>\n","protected":false},"author":1,"featured_media":20274,"comment_status":"open","ping_status":"closed","sticky":false,"template":"","format":"standard","meta":{"amp_status":"","footnotes":""},"categories":[120],"tags":[2608,2603,132,3871,198,3870,3873,3872,154,178],"class_list":["post-20268","post","type-post","status-publish","format-standard","has-post-thumbnail","hentry","category-jequi","tag-bbb-14","tag-big-brother-brasil-2014","tag-capelinha","tag-delegado-do-vale-do-jequitinhonha-assume-delegacia-no-estado-de-goias","tag-diamantina","tag-leticia-santiago","tag-luziania","tag-olemar-miranda-santiago","tag-serro","tag-turmalina"],"_links":{"self":[{"href":"https:\/\/aconteceunovale.com.br\/portal\/index.php?rest_route=\/wp\/v2\/posts\/20268","targetHints":{"allow":["GET"]}}],"collection":[{"href":"https:\/\/aconteceunovale.com.br\/portal\/index.php?rest_route=\/wp\/v2\/posts"}],"about":[{"href":"https:\/\/aconteceunovale.com.br\/portal\/index.php?rest_route=\/wp\/v2\/types\/post"}],"author":[{"embeddable":true,"href":"https:\/\/aconteceunovale.com.br\/portal\/index.php?rest_route=\/wp\/v2\/users\/1"}],"replies":[{"embeddable":true,"href":"https:\/\/aconteceunovale.com.br\/portal\/index.php?rest_route=%2Fwp%2Fv2%2Fcomments&post=20268"}],"version-history":[{"count":0,"href":"https:\/\/aconteceunovale.com.br\/portal\/index.php?rest_route=\/wp\/v2\/posts\/20268\/revisions"}],"wp:featuredmedia":[{"embeddable":true,"href":"https:\/\/aconteceunovale.com.br\/portal\/index.php?rest_route=\/wp\/v2\/media\/20274"}],"wp:attachment":[{"href":"https:\/\/aconteceunovale.com.br\/portal\/index.php?rest_route=%2Fwp%2Fv2%2Fmedia&parent=20268"}],"wp:term":[{"taxonomy":"category","embeddable":true,"href":"https:\/\/aconteceunovale.com.br\/portal\/index.php?rest_route=%2Fwp%2Fv2%2Fcategories&post=20268"},{"taxonomy":"post_tag","embeddable":true,"href":"https:\/\/aconteceunovale.com.br\/portal\/index.php?rest_route=%2Fwp%2Fv2%2Ftags&post=20268"}],"curies":[{"name":"wp","href":"https:\/\/api.w.org\/{rel}","templated":true}]}}