{"id":20235,"date":"2014-02-03T17:09:01","date_gmt":"2014-02-03T19:09:01","guid":{"rendered":"http:\/\/aconteceunovale.com.br\/portal\/?p=20235"},"modified":"2014-02-03T17:09:13","modified_gmt":"2014-02-03T19:09:13","slug":"jovem-morre-afogado-no-rio-aracuai-em-berilo","status":"publish","type":"post","link":"https:\/\/aconteceunovale.com.br\/portal\/?p=20235","title":{"rendered":"Jovem morre afogado no Rio Ara\u00e7ua\u00ed em Berilo"},"content":{"rendered":"<p>Foi  sepultado na tarde desta segunda-feira (03\/02) o corpo do estudante  Paulo C\u00e9sar Moreira,  de 18 anos,  que morreu afogado no Rio Ara\u00e7ua\u00ed, na cidade de Berilo, no Vale do Jequitinhonha (MG) na tarde de domingo (2).<\/p>\n<p>Testemunhas relataram que a v\u00edtima se  banhava em companhia de amigos, quando come\u00e7ou a se debater e sumiu na \u00e1gua. Ele n\u00e3o sabia nadar.<\/p>\n<p>A Pol\u00edcia Militar relatou que outros dois amigos do estudante tamb\u00e9m estavam se afogando, mas banhistas conseguiram retir\u00e1-los da \u00e1gua.<\/p>\n<p>Ainda de acordo com um policial, o local onde o jovem se afogou \u00e9 muito frequentado por turistas e moradores da cidade, principalmente no carnaval, quando s\u00e3o instaladas diversas \u201cbarraquinhas\u201d na margem do rio. &#8220;Com as \u00faltimas cheias do rio, o local ficou mais fundo e perigoso&#8221;, completou o policial.<\/p>\n<p>O estudante era filho \u00fanico de um casal residente na regi\u00e3o conhecida como Caititu, zona rural de Berilo. Este ano ele iria frequentar o 3\u00ba ano do ensino m\u00e9dio.<\/p>\n<p><em>(Foto: Reprodu\u00e7\u00e3o Facebook)<\/em><br \/>\n<img decoding=\"async\" src=\"http:\/\/aconteceunovale.com.br\/portal\/wp-content\/uploads\/2014\/02\/jovem_morre_afogado_berilo.jpg\" alt=\"\" \/><\/p>\n<p><em>(Fonte: Gazeta de Ara\u00e7ua\u00ed)<\/em><\/p>\n","protected":false},"excerpt":{"rendered":"<p>Foi sepultado na tarde desta segunda-feira (03\/02) o corpo do estudante Paulo C\u00e9sar Moreira, de 18 anos, que morreu afogado no Rio Ara\u00e7ua\u00ed, na cidade de Berilo, no Vale do Jequitinhonha (MG) na tarde de domingo (2). Testemunhas relataram que a v\u00edtima se banhava em companhia de amigos, quando come\u00e7ou a se debater e sumiu [&hellip;]<\/p>\n","protected":false},"author":1,"featured_media":20236,"comment_status":"open","ping_status":"closed","sticky":false,"template":"","format":"standard","meta":{"amp_status":"","footnotes":""},"categories":[120],"tags":[841,3860,3861],"class_list":["post-20235","post","type-post","status-publish","format-standard","has-post-thumbnail","hentry","category-jequi","tag-berilo","tag-jovem-morre-afogado-no-rio-aracuai-em-berilo","tag-paulo-cesar-moreira"],"_links":{"self":[{"href":"https:\/\/aconteceunovale.com.br\/portal\/index.php?rest_route=\/wp\/v2\/posts\/20235","targetHints":{"allow":["GET"]}}],"collection":[{"href":"https:\/\/aconteceunovale.com.br\/portal\/index.php?rest_route=\/wp\/v2\/posts"}],"about":[{"href":"https:\/\/aconteceunovale.com.br\/portal\/index.php?rest_route=\/wp\/v2\/types\/post"}],"author":[{"embeddable":true,"href":"https:\/\/aconteceunovale.com.br\/portal\/index.php?rest_route=\/wp\/v2\/users\/1"}],"replies":[{"embeddable":true,"href":"https:\/\/aconteceunovale.com.br\/portal\/index.php?rest_route=%2Fwp%2Fv2%2Fcomments&post=20235"}],"version-history":[{"count":0,"href":"https:\/\/aconteceunovale.com.br\/portal\/index.php?rest_route=\/wp\/v2\/posts\/20235\/revisions"}],"wp:featuredmedia":[{"embeddable":true,"href":"https:\/\/aconteceunovale.com.br\/portal\/index.php?rest_route=\/wp\/v2\/media\/20236"}],"wp:attachment":[{"href":"https:\/\/aconteceunovale.com.br\/portal\/index.php?rest_route=%2Fwp%2Fv2%2Fmedia&parent=20235"}],"wp:term":[{"taxonomy":"category","embeddable":true,"href":"https:\/\/aconteceunovale.com.br\/portal\/index.php?rest_route=%2Fwp%2Fv2%2Fcategories&post=20235"},{"taxonomy":"post_tag","embeddable":true,"href":"https:\/\/aconteceunovale.com.br\/portal\/index.php?rest_route=%2Fwp%2Fv2%2Ftags&post=20235"}],"curies":[{"name":"wp","href":"https:\/\/api.w.org\/{rel}","templated":true}]}}