{"id":20210,"date":"2014-02-03T15:42:37","date_gmt":"2014-02-03T17:42:37","guid":{"rendered":"http:\/\/aconteceunovale.com.br\/portal\/?p=20210"},"modified":"2014-02-03T15:42:37","modified_gmt":"2014-02-03T17:42:37","slug":"cantor-junior-garcia-se-apresenta-em-almenara-nesta-sexta-feira","status":"publish","type":"post","link":"https:\/\/aconteceunovale.com.br\/portal\/?p=20210","title":{"rendered":"Cantor J\u00fanior Garcia se apresenta em Almenara nesta sexta-feira"},"content":{"rendered":"<p>Almenara recebe nesta sexta-feira, 7 de janeiro, o cantor J\u00fanior Garcia. O sertanejo se apresentar\u00e1 no Clube dos Oper\u00e1rios no evento &#8220;Sextaneja 2014&#8221;.<\/p>\n<p><img decoding=\"async\" src=\"http:\/\/aconteceunovale.com.br\/portal\/wp-content\/uploads\/2014\/02\/junior_garcia_almenara_2.jpg\" alt=\"\" \/><\/p>\n<p>Os interessados em curtir esse grande show poder\u00e1 comprar o ingresso a R$ 20,00 na Mercearia Ofertas ou reservar uma mesa a R$ 100,00 na Galeria Guimar\u00e3es.<\/p>\n<p>O sertanejo lan\u00e7ou recentemente o clipe &#8220;Top Less&#8221;, confira no v\u00eddeo abaixo:<\/p>\n<p><iframe loading=\"lazy\" width=\"640\" height=\"360\" src=\"\/\/www.youtube.com\/embed\/To7VMyCP6OA\" frameborder=\"0\" allowfullscreen><\/iframe><\/p>\n<p><img decoding=\"async\" src=\"http:\/\/aconteceunovale.com.br\/portal\/wp-content\/uploads\/2014\/02\/cartaz_junior_garcia_almenara.jpg\" alt=\"\" \/><\/p>\n","protected":false},"excerpt":{"rendered":"<p>Almenara recebe nesta sexta-feira, 7 de janeiro, o cantor J\u00fanior Garcia. O sertanejo se apresentar\u00e1 no Clube dos Oper\u00e1rios no evento &#8220;Sextaneja 2014&#8221;. Os interessados em curtir esse grande show poder\u00e1 comprar o ingresso a R$ 20,00 na Mercearia Ofertas ou reservar uma mesa a R$ 100,00 na Galeria Guimar\u00e3es. O sertanejo lan\u00e7ou recentemente o [&hellip;]<\/p>\n","protected":false},"author":1,"featured_media":20211,"comment_status":"open","ping_status":"closed","sticky":false,"template":"","format":"standard","meta":{"amp_status":"","footnotes":""},"categories":[125],"tags":[142,3852],"class_list":["post-20210","post","type-post","status-publish","format-standard","has-post-thumbnail","hentry","category-noticias","tag-almenara","tag-cantor-junior-garcia-se-apresenta-em-almenara-nesta-sexta-feira"],"_links":{"self":[{"href":"https:\/\/aconteceunovale.com.br\/portal\/index.php?rest_route=\/wp\/v2\/posts\/20210","targetHints":{"allow":["GET"]}}],"collection":[{"href":"https:\/\/aconteceunovale.com.br\/portal\/index.php?rest_route=\/wp\/v2\/posts"}],"about":[{"href":"https:\/\/aconteceunovale.com.br\/portal\/index.php?rest_route=\/wp\/v2\/types\/post"}],"author":[{"embeddable":true,"href":"https:\/\/aconteceunovale.com.br\/portal\/index.php?rest_route=\/wp\/v2\/users\/1"}],"replies":[{"embeddable":true,"href":"https:\/\/aconteceunovale.com.br\/portal\/index.php?rest_route=%2Fwp%2Fv2%2Fcomments&post=20210"}],"version-history":[{"count":0,"href":"https:\/\/aconteceunovale.com.br\/portal\/index.php?rest_route=\/wp\/v2\/posts\/20210\/revisions"}],"wp:featuredmedia":[{"embeddable":true,"href":"https:\/\/aconteceunovale.com.br\/portal\/index.php?rest_route=\/wp\/v2\/media\/20211"}],"wp:attachment":[{"href":"https:\/\/aconteceunovale.com.br\/portal\/index.php?rest_route=%2Fwp%2Fv2%2Fmedia&parent=20210"}],"wp:term":[{"taxonomy":"category","embeddable":true,"href":"https:\/\/aconteceunovale.com.br\/portal\/index.php?rest_route=%2Fwp%2Fv2%2Fcategories&post=20210"},{"taxonomy":"post_tag","embeddable":true,"href":"https:\/\/aconteceunovale.com.br\/portal\/index.php?rest_route=%2Fwp%2Fv2%2Ftags&post=20210"}],"curies":[{"name":"wp","href":"https:\/\/api.w.org\/{rel}","templated":true}]}}