{"id":20206,"date":"2014-02-03T15:29:39","date_gmt":"2014-02-03T17:29:39","guid":{"rendered":"http:\/\/aconteceunovale.com.br\/portal\/?p=20206"},"modified":"2014-02-03T15:29:39","modified_gmt":"2014-02-03T17:29:39","slug":"produtores-da-regiao-de-guanhaes-recebem-curso-de-fabricacao-do-queijo-minas-artesanal","status":"publish","type":"post","link":"https:\/\/aconteceunovale.com.br\/portal\/?p=20206","title":{"rendered":"Produtores da regi\u00e3o de Guanh\u00e3es recebem curso de fabrica\u00e7\u00e3o do queijo minas artesanal"},"content":{"rendered":"<p>Come\u00e7a nesta ter\u00e7a-feira (04\/02), na Escola Municipal Pio Nunes Coelho, o curso de capacita\u00e7\u00e3o de boas pr\u00e1ticas de fabrica\u00e7\u00e3o do queijo minas artesanal. O curso que tem 40 horas \u00e9 destinado a 20 produtores de queijo de Guanh\u00e3es, Senhora do Porto, Dores de Guanh\u00e3es e Virgin\u00f3polis.<\/p>\n<p>Segundo o extensionista do bem estar social da EMATER, Thiago Carvalho, o curso que \u00e9 promovido pela empresa em parceria com o IMA, \u00e9 demanda antiga. \u201cH\u00e1 um bom tempo que existe a procura por esse curso, e at\u00e9 por isso, as inscri\u00e7\u00f5es foram preenchidas rapidamente. O curso tem como objetivo atender aquele produtor que j\u00e1 fabrica o queijo e que tem interesse em melhorar a qualidade do produto e obter o registro junto ao IMA\u201d, explicou.<\/p>\n<p>O curso que ser\u00e1 durante as ter\u00e7as-feiras e quintas-feiras de fevereiro, ter\u00e1 oito encontros, onde ser\u00e3o ministradas aulas te\u00f3ricas e pr\u00e1ticas. \u201cDentro das aulas pr\u00e1ticas, a propriedade de um dos alunos ser\u00e1 escolhida e ceder\u00e1 o espa\u00e7o para colocar em pr\u00e1tica os ensinamentos\u201d, conclui Thiago.<\/p>\n<p><img decoding=\"async\" src=\"http:\/\/aconteceunovale.com.br\/portal\/wp-content\/uploads\/2014\/02\/producao_queijo_minas_artesanal.jpg\" alt=\"\" \/><\/p>\n<p><em>(Fonte: Folha de Guanh\u00e3es)<\/em><\/p>\n","protected":false},"excerpt":{"rendered":"<p>Come\u00e7a nesta ter\u00e7a-feira (04\/02), na Escola Municipal Pio Nunes Coelho, o curso de capacita\u00e7\u00e3o de boas pr\u00e1ticas de fabrica\u00e7\u00e3o do queijo minas artesanal. O curso que tem 40 horas \u00e9 destinado a 20 produtores de queijo de Guanh\u00e3es, Senhora do Porto, Dores de Guanh\u00e3es e Virgin\u00f3polis. Segundo o extensionista do bem estar social da EMATER, [&hellip;]<\/p>\n","protected":false},"author":1,"featured_media":20208,"comment_status":"open","ping_status":"closed","sticky":false,"template":"","format":"standard","meta":{"amp_status":"","footnotes":""},"categories":[121],"tags":[650,287,155,3851,326],"class_list":["post-20206","post","type-post","status-publish","format-standard","has-post-thumbnail","hentry","category-leste","tag-alunos-de-divinolandia-de-minas-e-virginopolis-representam-sre-em-premiacao-da-obmep","tag-dores-de-guanhaes","tag-guanhaes","tag-produtores-da-regiao-de-guanhaes-recebem-curso-de-fabricacao-do-queijo-minas-artesanal","tag-senhora-do-porto"],"_links":{"self":[{"href":"https:\/\/aconteceunovale.com.br\/portal\/index.php?rest_route=\/wp\/v2\/posts\/20206","targetHints":{"allow":["GET"]}}],"collection":[{"href":"https:\/\/aconteceunovale.com.br\/portal\/index.php?rest_route=\/wp\/v2\/posts"}],"about":[{"href":"https:\/\/aconteceunovale.com.br\/portal\/index.php?rest_route=\/wp\/v2\/types\/post"}],"author":[{"embeddable":true,"href":"https:\/\/aconteceunovale.com.br\/portal\/index.php?rest_route=\/wp\/v2\/users\/1"}],"replies":[{"embeddable":true,"href":"https:\/\/aconteceunovale.com.br\/portal\/index.php?rest_route=%2Fwp%2Fv2%2Fcomments&post=20206"}],"version-history":[{"count":0,"href":"https:\/\/aconteceunovale.com.br\/portal\/index.php?rest_route=\/wp\/v2\/posts\/20206\/revisions"}],"wp:featuredmedia":[{"embeddable":true,"href":"https:\/\/aconteceunovale.com.br\/portal\/index.php?rest_route=\/wp\/v2\/media\/20208"}],"wp:attachment":[{"href":"https:\/\/aconteceunovale.com.br\/portal\/index.php?rest_route=%2Fwp%2Fv2%2Fmedia&parent=20206"}],"wp:term":[{"taxonomy":"category","embeddable":true,"href":"https:\/\/aconteceunovale.com.br\/portal\/index.php?rest_route=%2Fwp%2Fv2%2Fcategories&post=20206"},{"taxonomy":"post_tag","embeddable":true,"href":"https:\/\/aconteceunovale.com.br\/portal\/index.php?rest_route=%2Fwp%2Fv2%2Ftags&post=20206"}],"curies":[{"name":"wp","href":"https:\/\/api.w.org\/{rel}","templated":true}]}}