{"id":20200,"date":"2014-02-03T15:13:00","date_gmt":"2014-02-03T17:13:00","guid":{"rendered":"http:\/\/aconteceunovale.com.br\/portal\/?p=20200"},"modified":"2014-02-03T17:03:00","modified_gmt":"2014-02-03T19:03:00","slug":"anglo-american-abre-inscricoes-para-cursos-de-capacitacao-profissional","status":"publish","type":"post","link":"https:\/\/aconteceunovale.com.br\/portal\/?p=20200","title":{"rendered":"Anglo American abre inscri\u00e7\u00f5es para cursos de capacita\u00e7\u00e3o profissional"},"content":{"rendered":"<p>A Anglo American abrir\u00e1 inscri\u00e7\u00f5es, entre os dias 3 e 7 de fevereiro, para o quarto ciclo de cursos de capacita\u00e7\u00e3o profissional que est\u00e3o sendo oferecidos pela empresa no munic\u00edpio mineiro de Concei\u00e7\u00e3o do Mato Dentro em parceria com o Servi\u00e7o Nacional de Aprendizagem Industrial de Minas Gerais (Senai-MG). <\/p>\n<p>A iniciativa faz parte do Programa de Capacita\u00e7\u00e3o de M\u00e3o de Obra Local e tem como objetivo preparar a comunidade local para as oportunidades de emprego que est\u00e3o surgindo em fun\u00e7\u00e3o do Projeto Minas-Rio, empreendimento da empresa em fase de implanta\u00e7\u00e3o nos estados de Minas.<\/p>\n<p>No quarto ciclo, ser\u00e3o oferecidas 57 vagas para o curso de operador de equipamentos de mina. Para efetuar a inscri\u00e7\u00e3o, \u00e9 necess\u00e1rio ter acima de 18 anos, ensino m\u00e9dio completo ou cursando, ser morador dos munic\u00edpios de Concei\u00e7\u00e3o do Mato Dentro, Alvorada de Minas, Dom Joaquim, Serro e Congonhas do Norte. Al\u00e9m disso, tamb\u00e9m \u00e9 necess\u00e1rio ter Carteira Nacional de Habilita\u00e7\u00e3o (CNH) nas categorias D ou E.<\/p>\n<p>Ap\u00f3s o per\u00edodo de inscri\u00e7\u00e3o, todos os candidatos participar\u00e3o de processo seletivo, que contempla a aplica\u00e7\u00e3o de provas de portugu\u00eas e matem\u00e1tica, testes psicol\u00f3gicos e din\u00e2mica de grupo. As aulas ter\u00e3o in\u00edcio no dia 09 de abril e ser\u00e3o ministradas no Complexo Educacional Gin\u00e1sio S\u00e3o Francisco, em Concei\u00e7\u00e3o do Mato Dentro, no per\u00edodo diurno, das 8h \u00e0s 16 horas. Todos os estudantes ganhar\u00e3o bolsas de estudo remuneradas, material did\u00e1tico e alimenta\u00e7\u00e3o.<\/p>\n<p><strong>Locais de inscri\u00e7\u00e3o:<\/strong><br \/>\nConcei\u00e7\u00e3o do Mato Dentro \u2013 Biblioteca P\u00fablica Municipal, localizada na Rua Daniel Carvalho, 202, Centro.<br \/>\nSerro \u2013 CRAS, localizado na Rua Rio Branco, 107, Centro (pr\u00f3ximo \u00e0 Pontif\u00edcia Universidade Cat\u00f3lica).<br \/>\nDom Joaquim \u2013 Escola Estadual C\u00f4nego Bento Ribeiro, localizada na rua Concei\u00e7\u00e3o, 20, Centro.<\/p>\n<p><em>(Imagem ilustrativa)<\/em><br \/>\n<img decoding=\"async\" src=\"http:\/\/aconteceunovale.com.br\/portal\/wp-content\/uploads\/2014\/02\/capacitacao_anglo_american.jpg\" alt=\"\" \/><\/p>\n<p><em>(Via Folha de Guanh\u00e3es)<\/em><\/p>\n","protected":false},"excerpt":{"rendered":"<p>A Anglo American abrir\u00e1 inscri\u00e7\u00f5es, entre os dias 3 e 7 de fevereiro, para o quarto ciclo de cursos de capacita\u00e7\u00e3o profissional que est\u00e3o sendo oferecidos pela empresa no munic\u00edpio mineiro de Concei\u00e7\u00e3o do Mato Dentro em parceria com o Servi\u00e7o Nacional de Aprendizagem Industrial de Minas Gerais (Senai-MG). A iniciativa faz parte do Programa [&hellip;]<\/p>\n","protected":false},"author":1,"featured_media":20201,"comment_status":"open","ping_status":"closed","sticky":false,"template":"","format":"standard","meta":{"amp_status":"","footnotes":""},"categories":[6],"tags":[537,3849,628],"class_list":["post-20200","post","type-post","status-publish","format-standard","has-post-thumbnail","hentry","category-br","tag-anglo-american","tag-anglo-american-abre-inscricoes-para-cursos-de-capacitacao-profissional","tag-conceicao-do-mato-dentro"],"_links":{"self":[{"href":"https:\/\/aconteceunovale.com.br\/portal\/index.php?rest_route=\/wp\/v2\/posts\/20200","targetHints":{"allow":["GET"]}}],"collection":[{"href":"https:\/\/aconteceunovale.com.br\/portal\/index.php?rest_route=\/wp\/v2\/posts"}],"about":[{"href":"https:\/\/aconteceunovale.com.br\/portal\/index.php?rest_route=\/wp\/v2\/types\/post"}],"author":[{"embeddable":true,"href":"https:\/\/aconteceunovale.com.br\/portal\/index.php?rest_route=\/wp\/v2\/users\/1"}],"replies":[{"embeddable":true,"href":"https:\/\/aconteceunovale.com.br\/portal\/index.php?rest_route=%2Fwp%2Fv2%2Fcomments&post=20200"}],"version-history":[{"count":0,"href":"https:\/\/aconteceunovale.com.br\/portal\/index.php?rest_route=\/wp\/v2\/posts\/20200\/revisions"}],"wp:featuredmedia":[{"embeddable":true,"href":"https:\/\/aconteceunovale.com.br\/portal\/index.php?rest_route=\/wp\/v2\/media\/20201"}],"wp:attachment":[{"href":"https:\/\/aconteceunovale.com.br\/portal\/index.php?rest_route=%2Fwp%2Fv2%2Fmedia&parent=20200"}],"wp:term":[{"taxonomy":"category","embeddable":true,"href":"https:\/\/aconteceunovale.com.br\/portal\/index.php?rest_route=%2Fwp%2Fv2%2Fcategories&post=20200"},{"taxonomy":"post_tag","embeddable":true,"href":"https:\/\/aconteceunovale.com.br\/portal\/index.php?rest_route=%2Fwp%2Fv2%2Ftags&post=20200"}],"curies":[{"name":"wp","href":"https:\/\/api.w.org\/{rel}","templated":true}]}}