{"id":20192,"date":"2014-02-03T14:55:50","date_gmt":"2014-02-03T16:55:50","guid":{"rendered":"http:\/\/aconteceunovale.com.br\/portal\/?p=20192"},"modified":"2014-02-03T14:55:50","modified_gmt":"2014-02-03T16:55:50","slug":"artesa-de-almenara-e-homenageada-com-exposicao-de-bordados-em-belo-horizonte","status":"publish","type":"post","link":"https:\/\/aconteceunovale.com.br\/portal\/?p=20192","title":{"rendered":"Artes\u00e3 de Almenara \u00e9 homenageada com exposi\u00e7\u00e3o de bordados em Belo Horizonte"},"content":{"rendered":"<p>O Sesc promove neste ano a terceira edi\u00e7\u00e3o do projeto A\u00e7\u00e3o Arte Popular e Contempor\u00e2nea e apresenta a exposi\u00e7\u00e3o O Jardim de Adel\u00edcia, na Galeria de Arte GTO do Sesc Palladium. <\/p>\n<p><img decoding=\"async\" src=\"http:\/\/aconteceunovale.com.br\/portal\/wp-content\/uploads\/2014\/02\/bordados_a_delicia_1.jpg\" alt=\"\" \/><\/p>\n<p>A homenageada desta vez \u00e9 a mestra do bordado Adel\u00edcia Amorim, artista de Almenara, no Vale do Jequitinhonha. Na exposi\u00e7\u00e3o, o bordado \u00e9 trazido como t\u00e9cnica de trabalho manual para o campo da cria\u00e7\u00e3o pl\u00e1stica e simb\u00f3lica da arte. A proposta do projeto \u00e9 realizar um di\u00e1logo da obra da artista com cinco artistas contempor\u00e2neos: Ana Luisa Santos, Janaina Mello, Julia Panad\u00e9s, Rachel Le\u00e3o e Rodrigo Mogiz. <\/p>\n<p>A abertura da exposi\u00e7\u00e3o, apenas para convidados, ocorre em 6 de fevereiro, das 19h30 \u00e0s 23h. A visita\u00e7\u00e3o ocorre gratuitamente, de 7 de fevereiro a 30 de mar\u00e7o, de ter\u00e7a a domingo, das 9h \u00e0s 21h.<\/p>\n<p>O projeto A\u00e7\u00e3o Arte Popular e Contempor\u00e2nea, ao propor a aproxima\u00e7\u00e3o entre o popular e o contempor\u00e2neo, retoma a discuss\u00e3o sobre as fronteiras que dividem esses dois universos e as suas interse\u00e7\u00f5es, lan\u00e7ando luz sobre os diferentes contextos de manifesta\u00e7\u00e3o da arte. Al\u00e9m da exposi\u00e7\u00e3o, integram a programa\u00e7\u00e3o do projeto: a exibi\u00e7\u00e3o de um document\u00e1rio sobre a vida e obra de Adel\u00edcia Amorim e um semin\u00e1rio, que pretende proporcionar um espa\u00e7o te\u00f3rico de discuss\u00e3o sobre as fronteiras entre a arte popular e a arte erudita. <\/p>\n<p>O Sesc j\u00e1 realizou outras duas edi\u00e7\u00f5es do projeto, o primeiro apresentou a exposi\u00e7\u00e3o A \u00c1rvore dos Sonhos Inopinados \u2013 homenagem \u00e0 Geraldo Teles de Oliveira e a segunda foi a exposi\u00e7\u00e3o Dona Izabel e outros contempor\u00e2neos, artista de Santana de Ara\u00e7ua\u00ed, no Vale do Jequitinhonha, nordeste de Minas Gerais. <\/p>\n<p>Essa \u00e9 uma a\u00e7\u00e3o pioneira do Sesc no sentido da implanta\u00e7\u00e3o da Lei Gri\u00f4, aprovada em 2013, que recomenda a\u00e7\u00f5es de promo\u00e7\u00e3o dos mestres das culturas tradicionais e populares.<\/p>\n<p>A po\u00e9tica de Adel\u00edcia reside principalmente na capacidade de expressar com delicadeza e vitalidade uma \u201cess\u00eancia de vida\u201d presente no cont\u00ednuo ato de representa\u00e7\u00e3o da flor, por meio da a\u00e7\u00e3o dilatada do bordar. Ao transpor os buqu\u00eas, ramalhetes e arranjos do bordado utilit\u00e1rio para o quadro, a artista parece olhar por outras perspectivas, nas quais o mundo dos arranjos compositivos ora se revela em constru\u00e7\u00e3o geom\u00e9trica, gr\u00e1fica, estrutural e sint\u00e9tica, ora \u00e9 org\u00e2nico, vibrante, volumoso e n\u00e3o menos delicado.<\/p>\n<p>O bordado, tradi\u00e7\u00e3o expressiva nacional, \u00e9 o ponto central do encontro proposto nessa exposi\u00e7\u00e3o: vivenciar em um mesmo espa\u00e7o a obra de Adel\u00edcia Amorim e dos cinco artistas contempor\u00e2neos convidados. <\/p>\n<p>O encontro entre eles representa um di\u00e1logo de po\u00e9ticas que dizem sobre linguagens e contemporaneidade, cujos signos pl\u00e1sticos comuns s\u00e3o a linha, o bordado e a flor. Nas m\u00e3os de Adel\u00edcia, arte e vida se entrela\u00e7am em rela\u00e7\u00f5es afetivas, simb\u00f3licas e sociais, permitindo que todos possam reconhecer na exposi\u00e7\u00e3o a singularidade dos seus jardins.<\/p>\n<p><img decoding=\"async\" src=\"http:\/\/aconteceunovale.com.br\/portal\/wp-content\/uploads\/2014\/02\/bordados_a_delicia_2.jpg\" alt=\"\" \/><\/p>\n<p><strong>SOBRE O EVENTO<\/strong><\/p>\n<p>Local: Galeria de Arte GTO &#8211; Sesc Palladium<br \/>\nEndere\u00e7o: Rua Rio de Janeiro, 1046, Centro -BH<br \/>\nObserva\u00e7\u00f5es: Fone: (31) 3720-8100<br \/>\nValor: Entrada Gratuita<br \/>\nHor\u00e1rio: ter\u00e7a a domingo, das 9h \u00e0s 21h &#8211; 07 de fevereiro \u00e0 30 de mar\u00e7o<br \/>\nSite: <a href=\"http:\/\/www.sescpalladium.com.br\" target=\"_blank\">http:\/\/www.sescpalladium.com.br<\/a><br \/>\nData final: 30\/03\/2014<\/p>\n","protected":false},"excerpt":{"rendered":"<p>O Sesc promove neste ano a terceira edi\u00e7\u00e3o do projeto A\u00e7\u00e3o Arte Popular e Contempor\u00e2nea e apresenta a exposi\u00e7\u00e3o O Jardim de Adel\u00edcia, na Galeria de Arte GTO do Sesc Palladium. A homenageada desta vez \u00e9 a mestra do bordado Adel\u00edcia Amorim, artista de Almenara, no Vale do Jequitinhonha. Na exposi\u00e7\u00e3o, o bordado \u00e9 trazido [&hellip;]<\/p>\n","protected":false},"author":1,"featured_media":20193,"comment_status":"open","ping_status":"closed","sticky":false,"template":"","format":"standard","meta":{"amp_status":"","footnotes":""},"categories":[120],"tags":[3847,142,3846],"class_list":["post-20192","post","type-post","status-publish","format-standard","has-post-thumbnail","hentry","category-jequi","tag-adelicia-amorim","tag-almenara","tag-artesa-de-almenara-e-homenageada-com-exposicao-de-bordados-em-belo-horizonte"],"_links":{"self":[{"href":"https:\/\/aconteceunovale.com.br\/portal\/index.php?rest_route=\/wp\/v2\/posts\/20192","targetHints":{"allow":["GET"]}}],"collection":[{"href":"https:\/\/aconteceunovale.com.br\/portal\/index.php?rest_route=\/wp\/v2\/posts"}],"about":[{"href":"https:\/\/aconteceunovale.com.br\/portal\/index.php?rest_route=\/wp\/v2\/types\/post"}],"author":[{"embeddable":true,"href":"https:\/\/aconteceunovale.com.br\/portal\/index.php?rest_route=\/wp\/v2\/users\/1"}],"replies":[{"embeddable":true,"href":"https:\/\/aconteceunovale.com.br\/portal\/index.php?rest_route=%2Fwp%2Fv2%2Fcomments&post=20192"}],"version-history":[{"count":0,"href":"https:\/\/aconteceunovale.com.br\/portal\/index.php?rest_route=\/wp\/v2\/posts\/20192\/revisions"}],"wp:featuredmedia":[{"embeddable":true,"href":"https:\/\/aconteceunovale.com.br\/portal\/index.php?rest_route=\/wp\/v2\/media\/20193"}],"wp:attachment":[{"href":"https:\/\/aconteceunovale.com.br\/portal\/index.php?rest_route=%2Fwp%2Fv2%2Fmedia&parent=20192"}],"wp:term":[{"taxonomy":"category","embeddable":true,"href":"https:\/\/aconteceunovale.com.br\/portal\/index.php?rest_route=%2Fwp%2Fv2%2Fcategories&post=20192"},{"taxonomy":"post_tag","embeddable":true,"href":"https:\/\/aconteceunovale.com.br\/portal\/index.php?rest_route=%2Fwp%2Fv2%2Ftags&post=20192"}],"curies":[{"name":"wp","href":"https:\/\/api.w.org\/{rel}","templated":true}]}}