{"id":20187,"date":"2014-02-03T14:40:02","date_gmt":"2014-02-03T16:40:02","guid":{"rendered":"http:\/\/aconteceunovale.com.br\/portal\/?p=20187"},"modified":"2014-02-03T15:02:20","modified_gmt":"2014-02-03T17:02:20","slug":"motociclista-morre-em-acidente-na-estrada-que-liga-jordania-a-almenara","status":"publish","type":"post","link":"https:\/\/aconteceunovale.com.br\/portal\/?p=20187","title":{"rendered":"Motociclista morre em acidente na estrada que liga Jord\u00e2nia a Almenara"},"content":{"rendered":"<p>Um grave acidente envolvendo um carro e uma moto, na manh\u00e3 desta segunda-feira (03\/02), deixou uma v\u00edtima fatal na rodovia que liga Jord\u00e2nia a Almenara, no Vale do Jequitinhonha. <\/p>\n<p>De acordo com os policiais militares que atenderam a ocorr\u00eancia, a moto conduzida pela v\u00edtima Elizeu Gusm\u00e3o foi atingido por um ve\u00edculo. O motociclista perdeu o controle e capotou na pista. Elizeu n\u00e3o resistiu aos ferimentos e morreu no local.<\/p>\n<p><img decoding=\"async\" src=\"http:\/\/aconteceunovale.com.br\/portal\/wp-content\/uploads\/2014\/02\/acidente_jordania_almenara_eliseu.jpg\" alt=\"\" \/><br \/>\n<em>(Foto: Jornal Folha dos Vales)<\/em><\/p>\n<p><img decoding=\"async\" src=\"http:\/\/aconteceunovale.com.br\/portal\/wp-content\/uploads\/2014\/02\/acidente_jordania_almenara_eliseu2.jpg\" alt=\"\" \/><br \/>\n<em>(Foto: Jornal Folha dos Vales)<\/em><\/p>\n","protected":false},"excerpt":{"rendered":"<p>Um grave acidente envolvendo um carro e uma moto, na manh\u00e3 desta segunda-feira (03\/02), deixou uma v\u00edtima fatal na rodovia que liga Jord\u00e2nia a Almenara, no Vale do Jequitinhonha. De acordo com os policiais militares que atenderam a ocorr\u00eancia, a moto conduzida pela v\u00edtima Elizeu Gusm\u00e3o foi atingido por um ve\u00edculo. O motociclista perdeu o [&hellip;]<\/p>\n","protected":false},"author":1,"featured_media":20188,"comment_status":"open","ping_status":"closed","sticky":false,"template":"","format":"standard","meta":{"amp_status":"","footnotes":""},"categories":[120],"tags":[142,408,475,3845],"class_list":["post-20187","post","type-post","status-publish","format-standard","has-post-thumbnail","hentry","category-jequi","tag-almenara","tag-jacinto","tag-jordania","tag-motociclista-morre-em-acidente-na-estrada-que-liga-jordania-a-almenara"],"_links":{"self":[{"href":"https:\/\/aconteceunovale.com.br\/portal\/index.php?rest_route=\/wp\/v2\/posts\/20187","targetHints":{"allow":["GET"]}}],"collection":[{"href":"https:\/\/aconteceunovale.com.br\/portal\/index.php?rest_route=\/wp\/v2\/posts"}],"about":[{"href":"https:\/\/aconteceunovale.com.br\/portal\/index.php?rest_route=\/wp\/v2\/types\/post"}],"author":[{"embeddable":true,"href":"https:\/\/aconteceunovale.com.br\/portal\/index.php?rest_route=\/wp\/v2\/users\/1"}],"replies":[{"embeddable":true,"href":"https:\/\/aconteceunovale.com.br\/portal\/index.php?rest_route=%2Fwp%2Fv2%2Fcomments&post=20187"}],"version-history":[{"count":0,"href":"https:\/\/aconteceunovale.com.br\/portal\/index.php?rest_route=\/wp\/v2\/posts\/20187\/revisions"}],"wp:featuredmedia":[{"embeddable":true,"href":"https:\/\/aconteceunovale.com.br\/portal\/index.php?rest_route=\/wp\/v2\/media\/20188"}],"wp:attachment":[{"href":"https:\/\/aconteceunovale.com.br\/portal\/index.php?rest_route=%2Fwp%2Fv2%2Fmedia&parent=20187"}],"wp:term":[{"taxonomy":"category","embeddable":true,"href":"https:\/\/aconteceunovale.com.br\/portal\/index.php?rest_route=%2Fwp%2Fv2%2Fcategories&post=20187"},{"taxonomy":"post_tag","embeddable":true,"href":"https:\/\/aconteceunovale.com.br\/portal\/index.php?rest_route=%2Fwp%2Fv2%2Ftags&post=20187"}],"curies":[{"name":"wp","href":"https:\/\/api.w.org\/{rel}","templated":true}]}}